{"id":95014,"date":"2016-09-12T06:01:24","date_gmt":"2016-09-12T09:01:24","guid":{"rendered":"http:\/\/www.redenoticia.com.br\/noticia\/?p=95014"},"modified":"2016-09-11T18:56:46","modified_gmt":"2016-09-11T21:56:46","slug":"portugal-busca-ampliar-parceria-em-pesquisa-com-sao-paulo","status":"publish","type":"post","link":"https:\/\/migracao.redenoticia.com.br\/noticia\/2016\/portugal-busca-ampliar-parceria-em-pesquisa-com-sao-paulo\/95014","title":{"rendered":"Portugal busca ampliar parceria em pesquisa com S\u00e3o Paulo"},"content":{"rendered":"<p>Ag\u00eancia FAPESP \u2013 A amplia\u00e7\u00e3o da <strong><em>parceria entre portugueses e brasileiros<\/em><\/strong>, com \u00eanfase no apoio conjunto a pesquisas de interesse comum aos dois lados do Atl\u00e2ntico, com destaque para pesquisas atmosf\u00e9ricas e oce\u00e2nicas, foi tema da visita do ministro de Ci\u00eancia, Tecnologia e Ensino Superior de Portugal, Manuel Heitor, \u00e0 FAPESP.<\/p>\n<p>Acompanhado de Teresa Tavares, assessora de Coopera\u00e7\u00e3o Internacional do Minist\u00e9rio, e Gon\u00e7alo Capit\u00e3o, adido social do Consulado Portugu\u00eas em S\u00e3o Paulo, o ministro foi recebido por Jos\u00e9 Goldemberg, presidente da FAPESP, Eduardo Moacyr Krieger, vice-presidente, Carlos Am\u00e9rico Pacheco e Carlos Henrique de Brito Cruz, respectivamente diretor-presidente do Conselho T\u00e9cnico-Administrativo e diretor cient\u00edfico da Funda\u00e7\u00e3o. Rui Albuquerque, do Centro Nacional de Pesquisa em Energia e Materiais (CNPEM), tamb\u00e9m participou da reuni\u00e3o.<\/p>\n<p>O ministro destacou estudos em andamento em seu pa\u00eds, visando a estrutura\u00e7\u00e3o e cria\u00e7\u00e3o do Azores International Research Center (AIR), um centro de pesquisa internacional voltado para estudos nas \u00e1reas de Ci\u00eancias Atmosf\u00e9ricas e Mudan\u00e7as Clim\u00e1ticas, Energia, Aplica\u00e7\u00f5es Espaciais e Engenharia Oce\u00e2nica, entre outras, a ser instalado no arquip\u00e9lago dos A\u00e7ores, no Atl\u00e2ntico Norte.<\/p>\n<p>O objetivo do AIR, ele sublinhou, \u00e9 reunir a comunidade cient\u00edfica internacional em torno de projetos de impacto para Portugal, assim como para a rela\u00e7\u00e3o transatl\u00e2ntica entre a Europa e os Estados Unidos, al\u00e9m de pa\u00edses do hemisf\u00e9rio Norte e do hemisf\u00e9rio Sul, incluindo o Brasil e a \u00c1frica do Sul em seu planejamento.<\/p>\n<p>\u201cPenso que a coopera\u00e7\u00e3o cient\u00edfica entre Portugal e Brasil deve ser feita nos dois sentidos, em todas as \u00e1reas do conhecimento, por meio de projetos mobilizadores\u201d, afirmou, ressaltando a necessidade de uma nova agenda para o desenvolvimento cient\u00edfico que envolva institui\u00e7\u00f5es p\u00fablicas e empresas, em ambos os pa\u00edses.<\/p>\n<p>A nova agenda cient\u00edfica centrada no Atl\u00e2ntico, com a cria\u00e7\u00e3o de uma institui\u00e7\u00e3o intergovernamental, \u00e9, para o ministro, um desafio e uma oportunidade. Os temas propostos dever\u00e3o ser ampliados, ao longo do tempo, a fim de fazer com que os A\u00e7ores tornem-se uma plataforma de coopera\u00e7\u00e3o cient\u00edfica internacional.<\/p>\n<p>Goldemberg reafirmou o interesse da FAPESP em estreitar as rela\u00e7\u00f5es com as institui\u00e7\u00f5es portuguesas de pesquisa, a exemplo da coopera\u00e7\u00e3o existente desde 2013 com a Funda\u00e7\u00e3o para a Ci\u00eancia e a Tecnologia (FCT), \u00f3rg\u00e3o vinculado ao minist\u00e9rio portugu\u00eas. \u201cPretendemos fazer uma nova chamada de projetos de pesquisa, a fim de que pesquisadores de S\u00e3o Paulo e de Portugal possam trabalhar em parceria e obter resultados cient\u00edficos relevantes em distintas \u00e1reas\u201d, disse. Para Brito Cruz, a aproxima\u00e7\u00e3o com Portugal \u00e9 uma oportunidade para ampliar projetos colaborativos de m\u00e9dio e longo prazos em \u00e1reas de interesse comum. \u201cUma nova chamada conjunta dever\u00e1 ocorrer em 2017, o que possibilitar\u00e1 criar uma colabora\u00e7\u00e3o mais s\u00f3lida, com projetos de pesquisa de tr\u00eas a cinco anos, confirmando o imenso interesse de pesquisadores brasileiros e portugueses no trabalho conjunto\u201d, ressaltou.<\/p>\n","protected":false},"excerpt":{"rendered":"<p>Ag\u00eancia FAPESP \u2013 A amplia\u00e7\u00e3o da parceria entre portugueses e brasileiros, com \u00eanfase no apoio conjunto a pesquisas de interesse comum aos dois lados do Atl\u00e2ntico, com destaque para pesquisas atmosf\u00e9ricas e oce\u00e2nicas, foi tema da visita do ministro de Ci\u00eancia, Tecnologia e Ensino Superior de Portugal, Manuel Heitor, \u00e0 FAPESP. Acompanhado de Teresa Tavares, [&hellip;]<\/p>\n","protected":false},"author":2,"featured_media":34864,"comment_status":"open","ping_status":"closed","sticky":false,"template":"","format":"standard","meta":{"tdm_status":"","tdm_grid_status":"","footnotes":""},"categories":[22],"tags":[],"class_list":{"0":"post-95014","1":"post","2":"type-post","3":"status-publish","4":"format-standard","5":"has-post-thumbnail","7":"category-brasil"},"_links":{"self":[{"href":"https:\/\/migracao.redenoticia.com.br\/noticia\/wp-json\/wp\/v2\/posts\/95014","targetHints":{"allow":["GET"]}}],"collection":[{"href":"https:\/\/migracao.redenoticia.com.br\/noticia\/wp-json\/wp\/v2\/posts"}],"about":[{"href":"https:\/\/migracao.redenoticia.com.br\/noticia\/wp-json\/wp\/v2\/types\/post"}],"author":[{"embeddable":true,"href":"https:\/\/migracao.redenoticia.com.br\/noticia\/wp-json\/wp\/v2\/users\/2"}],"replies":[{"embeddable":true,"href":"https:\/\/migracao.redenoticia.com.br\/noticia\/wp-json\/wp\/v2\/comments?post=95014"}],"version-history":[{"count":0,"href":"https:\/\/migracao.redenoticia.com.br\/noticia\/wp-json\/wp\/v2\/posts\/95014\/revisions"}],"wp:featuredmedia":[{"embeddable":true,"href":"https:\/\/migracao.redenoticia.com.br\/noticia\/wp-json\/wp\/v2\/media\/34864"}],"wp:attachment":[{"href":"https:\/\/migracao.redenoticia.com.br\/noticia\/wp-json\/wp\/v2\/media?parent=95014"}],"wp:term":[{"taxonomy":"category","embeddable":true,"href":"https:\/\/migracao.redenoticia.com.br\/noticia\/wp-json\/wp\/v2\/categories?post=95014"},{"taxonomy":"post_tag","embeddable":true,"href":"https:\/\/migracao.redenoticia.com.br\/noticia\/wp-json\/wp\/v2\/tags?post=95014"}],"curies":[{"name":"wp","href":"https:\/\/api.w.org\/{rel}","templated":true}]}}