{"id":95032,"date":"2016-09-12T21:10:13","date_gmt":"2016-09-13T00:10:13","guid":{"rendered":"http:\/\/www.redenoticia.com.br\/noticia\/?p=95032"},"modified":"2016-09-12T12:16:48","modified_gmt":"2016-09-12T15:16:48","slug":"novela-justica-resumo-1309-fatima-se-diverte-em-casa-com-jesus-mayara-e-firmino","status":"publish","type":"post","link":"https:\/\/migracao.redenoticia.com.br\/noticia\/2016\/novela-justica-resumo-1309-fatima-se-diverte-em-casa-com-jesus-mayara-e-firmino\/95032","title":{"rendered":"Novela \u201cJusti\u00e7a\u201d resumo 13\/09: F\u00e1tima se diverte com Jesus, Mayara e Firmino"},"content":{"rendered":"<p><img loading=\"lazy\" decoding=\"async\" class=\"alignleft size-thumbnail wp-image-92259\" src=\"https:\/\/migracao.redenoticia.com.br\/noticia\/imagens\/novela_globo_justica_resumo-150x112.jpg\" alt=\"novela_globo_justica_resumo\" width=\"150\" height=\"112\" srcset=\"https:\/\/migracao.redenoticia.com.br\/noticia\/imagens\/novela_globo_justica_resumo-150x112.jpg 150w, https:\/\/migracao.redenoticia.com.br\/noticia\/imagens\/novela_globo_justica_resumo-265x198.jpg 265w\" sizes=\"auto, (max-width: 150px) 100vw, 150px\" \/><strong><em>Novela \u201cJusti\u00e7a\u201d resumo 13\/09<\/em><\/strong>:\u00a0Rose e Mayara conversam em um bar. Depois, Mayara conta para Kellen que Celso vai ficar com Rose. Kellen agride Mayara e F\u00e1tima a enfrenta. Mais tarde, F\u00e1tima se diverte em casa com Jesus, Mayara e Firmino.<\/p>\n<p>No cap\u00edtulo 014(*), novela \u201cJusti\u00e7a\u201d, ter\u00e7a-feira, 13 de setembro \u2013 F\u00e1tima encontra uma lata de alum\u00ednio em seu terreno e confronta Douglas. Douglas pede Irene em casamento.<\/p>\n<p>Rose conversa com Mayara em um bar. Irene compra eletrodom\u00e9sticos com o cart\u00e3o de cr\u00e9dito de Douglas. Mayara conta para Kellen que Celso ficar\u00e1 com Rose. Kellen tenta seduzir Douglas.<\/p>\n<p>Firmino n\u00e3o gosta de ver o irm\u00e3o Oswaldo ao lado de F\u00e1tima. Kellen agride Mayara e F\u00e1tima a enfrenta. F\u00e1tima se diverte em casa com Jesus, Mayara e Firmino.<\/p>\n<p>(*) edi\u00e7\u00e3o da Rede Globo, Novela \u201cJusti\u00e7a\u201d, sujeito a altera\u00e7\u00e3o de data e conte\u00fado.<\/p>\n","protected":false},"excerpt":{"rendered":"<p>Novela \u201cJusti\u00e7a\u201d resumo 13\/09:\u00a0Rose e Mayara conversam em um bar. Depois, Mayara conta para Kellen que Celso vai ficar com Rose. Kellen agride Mayara e F\u00e1tima a enfrenta. Mais tarde, F\u00e1tima se diverte em casa com Jesus, Mayara e Firmino. No cap\u00edtulo 014(*), novela \u201cJusti\u00e7a\u201d, ter\u00e7a-feira, 13 de setembro \u2013 F\u00e1tima encontra uma lata de [&hellip;]<\/p>\n","protected":false},"author":4,"featured_media":92259,"comment_status":"open","ping_status":"closed","sticky":false,"template":"","format":"standard","meta":{"tdm_status":"","tdm_grid_status":"","footnotes":""},"categories":[379,375,343],"tags":[441],"class_list":{"0":"post-95032","1":"post","2":"type-post","3":"status-publish","4":"format-standard","5":"has-post-thumbnail","7":"category-novelas","8":"category-rede-globo","9":"category-televisao","10":"tag-resumo-do-dia"},"_links":{"self":[{"href":"https:\/\/migracao.redenoticia.com.br\/noticia\/wp-json\/wp\/v2\/posts\/95032","targetHints":{"allow":["GET"]}}],"collection":[{"href":"https:\/\/migracao.redenoticia.com.br\/noticia\/wp-json\/wp\/v2\/posts"}],"about":[{"href":"https:\/\/migracao.redenoticia.com.br\/noticia\/wp-json\/wp\/v2\/types\/post"}],"author":[{"embeddable":true,"href":"https:\/\/migracao.redenoticia.com.br\/noticia\/wp-json\/wp\/v2\/users\/4"}],"replies":[{"embeddable":true,"href":"https:\/\/migracao.redenoticia.com.br\/noticia\/wp-json\/wp\/v2\/comments?post=95032"}],"version-history":[{"count":0,"href":"https:\/\/migracao.redenoticia.com.br\/noticia\/wp-json\/wp\/v2\/posts\/95032\/revisions"}],"wp:featuredmedia":[{"embeddable":true,"href":"https:\/\/migracao.redenoticia.com.br\/noticia\/wp-json\/wp\/v2\/media\/92259"}],"wp:attachment":[{"href":"https:\/\/migracao.redenoticia.com.br\/noticia\/wp-json\/wp\/v2\/media?parent=95032"}],"wp:term":[{"taxonomy":"category","embeddable":true,"href":"https:\/\/migracao.redenoticia.com.br\/noticia\/wp-json\/wp\/v2\/categories?post=95032"},{"taxonomy":"post_tag","embeddable":true,"href":"https:\/\/migracao.redenoticia.com.br\/noticia\/wp-json\/wp\/v2\/tags?post=95032"}],"curies":[{"name":"wp","href":"https:\/\/api.w.org\/{rel}","templated":true}]}}