{"id":95035,"date":"2016-09-12T21:00:42","date_gmt":"2016-09-13T00:00:42","guid":{"rendered":"http:\/\/www.redenoticia.com.br\/noticia\/?p=95035"},"modified":"2016-09-12T12:15:26","modified_gmt":"2016-09-12T15:15:26","slug":"novela-velho-chico-resumo-1309-encarnacao-resolve-romper-com-o-proprio-filho","status":"publish","type":"post","link":"https:\/\/migracao.redenoticia.com.br\/noticia\/2016\/novela-velho-chico-resumo-1309-encarnacao-resolve-romper-com-o-proprio-filho\/95035","title":{"rendered":"Novela \u201cVelho Chico\u201d resumo 13\/09: Encarna\u00e7\u00e3o resolve romper com Afr\u00e2nio"},"content":{"rendered":"<p><img loading=\"lazy\" decoding=\"async\" class=\"alignleft size-thumbnail wp-image-82169\" src=\"https:\/\/migracao.redenoticia.com.br\/noticia\/imagens\/velho_chico_novela_resumo_globo-150x112.jpg\" alt=\"velho_chico_novela_resumo_globo\" width=\"150\" height=\"112\" srcset=\"https:\/\/migracao.redenoticia.com.br\/noticia\/imagens\/velho_chico_novela_resumo_globo-150x112.jpg 150w, https:\/\/migracao.redenoticia.com.br\/noticia\/imagens\/velho_chico_novela_resumo_globo-265x198.jpg 265w\" sizes=\"auto, (max-width: 150px) 100vw, 150px\" \/><strong><em>Novela \u201cVelho Chico\u201d resumo 13\/09<\/em><\/strong>: a matriarca da fam\u00edlia de S\u00e1 Ribeiro nunca vai deixar suas terras e bens para\u00a0Carlos Eduardo. Ao notar que\u00a0Afr\u00e2nio n\u00e3o toma uma atitude para contornar a ambi\u00e7\u00e3o do ex-deputado, que pretende ficar com tudo de sua fam\u00edlia, Encarna\u00e7\u00e3o resolve romper com o pr\u00f3prio filho para lutar pelo que \u00e9 seu. Encarna\u00e7\u00e3o exige que Afr\u00e2nio coloque a parte que lhe cabe na heran\u00e7a da fam\u00edlia em seu nome. Depois, Encarna\u00e7\u00e3o pede para C\u00edcero buscar Padre Ben\u00edcio, para ela se confessar.<\/p>\n<p>No cap\u00edtulo 158(*), novela \u201cVelho Chico\u201d, ter\u00e7a-feira, 13 de setembro \u2013 Queiroz e Raimundo contam para Carlos que Beatriz se candidatar\u00e1 \u00e0 prefeitura com o apoio de Bento.<\/p>\n<p>Encarna\u00e7\u00e3o exige que Afr\u00e2nio coloque a parte que lhe cabe na heran\u00e7a da fam\u00edlia em seu nome. Afr\u00e2nio declara guerra contra a fam\u00edlia Dos Anjos.<\/p>\n<p>Martim fotografa a empresa que aparece no dossi\u00ea entregue a Bento. Miguel e Ol\u00edvia orientam os funcion\u00e1rios da fazenda na planta\u00e7\u00e3o. C\u00edcero leva Padre Ben\u00edcio at\u00e9 a fazenda. Encarna\u00e7\u00e3o decide se confessar para Padre Ben\u00edcio.<\/p>\n<p>(*) edi\u00e7\u00e3o da Rede Globo, Novela \u201cVelho Chico\u201d, sujeito a altera\u00e7\u00e3o de data e conte\u00fado.<\/p>\n","protected":false},"excerpt":{"rendered":"<p>Novela \u201cVelho Chico\u201d resumo 13\/09: a matriarca da fam\u00edlia de S\u00e1 Ribeiro nunca vai deixar suas terras e bens para\u00a0Carlos Eduardo. Ao notar que\u00a0Afr\u00e2nio n\u00e3o toma uma atitude para contornar a ambi\u00e7\u00e3o do ex-deputado, que pretende ficar com tudo de sua fam\u00edlia, Encarna\u00e7\u00e3o resolve romper com o pr\u00f3prio filho para lutar pelo que \u00e9 seu. [&hellip;]<\/p>\n","protected":false},"author":4,"featured_media":82169,"comment_status":"open","ping_status":"closed","sticky":false,"template":"","format":"standard","meta":{"tdm_status":"","tdm_grid_status":"","footnotes":""},"categories":[379,375,343],"tags":[441],"class_list":{"0":"post-95035","1":"post","2":"type-post","3":"status-publish","4":"format-standard","5":"has-post-thumbnail","7":"category-novelas","8":"category-rede-globo","9":"category-televisao","10":"tag-resumo-do-dia"},"_links":{"self":[{"href":"https:\/\/migracao.redenoticia.com.br\/noticia\/wp-json\/wp\/v2\/posts\/95035","targetHints":{"allow":["GET"]}}],"collection":[{"href":"https:\/\/migracao.redenoticia.com.br\/noticia\/wp-json\/wp\/v2\/posts"}],"about":[{"href":"https:\/\/migracao.redenoticia.com.br\/noticia\/wp-json\/wp\/v2\/types\/post"}],"author":[{"embeddable":true,"href":"https:\/\/migracao.redenoticia.com.br\/noticia\/wp-json\/wp\/v2\/users\/4"}],"replies":[{"embeddable":true,"href":"https:\/\/migracao.redenoticia.com.br\/noticia\/wp-json\/wp\/v2\/comments?post=95035"}],"version-history":[{"count":0,"href":"https:\/\/migracao.redenoticia.com.br\/noticia\/wp-json\/wp\/v2\/posts\/95035\/revisions"}],"wp:featuredmedia":[{"embeddable":true,"href":"https:\/\/migracao.redenoticia.com.br\/noticia\/wp-json\/wp\/v2\/media\/82169"}],"wp:attachment":[{"href":"https:\/\/migracao.redenoticia.com.br\/noticia\/wp-json\/wp\/v2\/media?parent=95035"}],"wp:term":[{"taxonomy":"category","embeddable":true,"href":"https:\/\/migracao.redenoticia.com.br\/noticia\/wp-json\/wp\/v2\/categories?post=95035"},{"taxonomy":"post_tag","embeddable":true,"href":"https:\/\/migracao.redenoticia.com.br\/noticia\/wp-json\/wp\/v2\/tags?post=95035"}],"curies":[{"name":"wp","href":"https:\/\/api.w.org\/{rel}","templated":true}]}}