{"id":95037,"date":"2016-09-12T19:10:52","date_gmt":"2016-09-12T22:10:52","guid":{"rendered":"http:\/\/www.redenoticia.com.br\/noticia\/?p=95037"},"modified":"2016-09-12T12:02:24","modified_gmt":"2016-09-12T15:02:24","slug":"novela-haja-coracao-resumo-1309-bruna-avisa-a-camila-que-lutara-por-giovanni","status":"publish","type":"post","link":"https:\/\/migracao.redenoticia.com.br\/noticia\/2016\/novela-haja-coracao-resumo-1309-bruna-avisa-a-camila-que-lutara-por-giovanni\/95037","title":{"rendered":"Novela \u201cHaja Cora\u00e7\u00e3o\u201d resumo 13\/09: Dinalda deduz que Apar\u00edcio engana Rebeca"},"content":{"rendered":"<p><img loading=\"lazy\" decoding=\"async\" class=\"alignleft size-thumbnail wp-image-87038\" src=\"https:\/\/migracao.redenoticia.com.br\/noticia\/imagens\/haja_coracao_novela_resumo_capitulo_globo-150x112.jpg\" alt=\"haja_coracao_novela_resumo_capitulo_globo\" width=\"150\" height=\"112\" srcset=\"https:\/\/migracao.redenoticia.com.br\/noticia\/imagens\/haja_coracao_novela_resumo_capitulo_globo-150x112.jpg 150w, https:\/\/migracao.redenoticia.com.br\/noticia\/imagens\/haja_coracao_novela_resumo_capitulo_globo-265x198.jpg 265w\" sizes=\"auto, (max-width: 150px) 100vw, 150px\" \/><strong><em>Novela \u201cHaja Cora\u00e7\u00e3o\u201d resumo 13\/09<\/em><\/strong>:\u00a0Dinalda trabalha para Rebeca e s\u00f3 n\u00e3o vai embora porque tem muitos meses de sal\u00e1rio atrasados. Ela vive com a esperan\u00e7a de receber tudo quando a patroa der o golpe do ba\u00fa. Sem querer, Dinalda encontra a carteira de Apar\u00edcio, descobre que ele \u00e9 rico e esconde a sua verdadeira condi\u00e7\u00e3o social. A empregada deduz que o plano dele \u00e9 esconder de Rebeca que \u00e9 rico, at\u00e9 reconquist\u00e1-la. Os dois conversam e se tornam aliados. Eles inventam um namoro para provocar ci\u00fame na arquiteta. <\/p>\n<p>No cap\u00edtulo 088(*), novela \u201cHaja Cora\u00e7\u00e3o\u201d, ter\u00e7a-feira, 13 de setembro \u2013 Bruna avisa a Camila que lutar\u00e1 por Giovanni. Dinalda deduz que Apar\u00edcio est\u00e1 enganando Rebeca.<\/p>\n<p>Ad\u00f4nis despreza Carmela. J\u00e9ssica e suas amigas tentam humilhar Shirlei. Tancinha comenta com Shirlei que fica sensibilizada quando se encontra com Apolo.<\/p>\n<p>Fedora orienta Leozinho sobre como convencer Safira a assinar o documento de transfer\u00eancia de suas a\u00e7\u00f5es do Grand Bazzar. Tamara seduz Apolo.<\/p>\n<p>(*) edi\u00e7\u00e3o da Rede Globo, Novela \u201cHaja Cora\u00e7\u00e3o\u201d, sujeito a altera\u00e7\u00e3o de data e conte\u00fado.<\/p>\n","protected":false},"excerpt":{"rendered":"<p>Novela \u201cHaja Cora\u00e7\u00e3o\u201d resumo 13\/09:\u00a0Dinalda trabalha para Rebeca e s\u00f3 n\u00e3o vai embora porque tem muitos meses de sal\u00e1rio atrasados. Ela vive com a esperan\u00e7a de receber tudo quando a patroa der o golpe do ba\u00fa. Sem querer, Dinalda encontra a carteira de Apar\u00edcio, descobre que ele \u00e9 rico e esconde a sua verdadeira condi\u00e7\u00e3o [&hellip;]<\/p>\n","protected":false},"author":4,"featured_media":87038,"comment_status":"open","ping_status":"closed","sticky":false,"template":"","format":"standard","meta":{"tdm_status":"","tdm_grid_status":"","footnotes":""},"categories":[379,375,343],"tags":[441],"class_list":{"0":"post-95037","1":"post","2":"type-post","3":"status-publish","4":"format-standard","5":"has-post-thumbnail","7":"category-novelas","8":"category-rede-globo","9":"category-televisao","10":"tag-resumo-do-dia"},"_links":{"self":[{"href":"https:\/\/migracao.redenoticia.com.br\/noticia\/wp-json\/wp\/v2\/posts\/95037","targetHints":{"allow":["GET"]}}],"collection":[{"href":"https:\/\/migracao.redenoticia.com.br\/noticia\/wp-json\/wp\/v2\/posts"}],"about":[{"href":"https:\/\/migracao.redenoticia.com.br\/noticia\/wp-json\/wp\/v2\/types\/post"}],"author":[{"embeddable":true,"href":"https:\/\/migracao.redenoticia.com.br\/noticia\/wp-json\/wp\/v2\/users\/4"}],"replies":[{"embeddable":true,"href":"https:\/\/migracao.redenoticia.com.br\/noticia\/wp-json\/wp\/v2\/comments?post=95037"}],"version-history":[{"count":0,"href":"https:\/\/migracao.redenoticia.com.br\/noticia\/wp-json\/wp\/v2\/posts\/95037\/revisions"}],"wp:featuredmedia":[{"embeddable":true,"href":"https:\/\/migracao.redenoticia.com.br\/noticia\/wp-json\/wp\/v2\/media\/87038"}],"wp:attachment":[{"href":"https:\/\/migracao.redenoticia.com.br\/noticia\/wp-json\/wp\/v2\/media?parent=95037"}],"wp:term":[{"taxonomy":"category","embeddable":true,"href":"https:\/\/migracao.redenoticia.com.br\/noticia\/wp-json\/wp\/v2\/categories?post=95037"},{"taxonomy":"post_tag","embeddable":true,"href":"https:\/\/migracao.redenoticia.com.br\/noticia\/wp-json\/wp\/v2\/tags?post=95037"}],"curies":[{"name":"wp","href":"https:\/\/api.w.org\/{rel}","templated":true}]}}