{"id":95039,"date":"2016-09-12T18:10:45","date_gmt":"2016-09-12T21:10:45","guid":{"rendered":"http:\/\/www.redenoticia.com.br\/noticia\/?p=95039"},"modified":"2016-09-12T20:18:21","modified_gmt":"2016-09-12T23:18:21","slug":"novela-sol-nascente-resumo-1309-mario-apos-ter-declarado-seu-amor-por-alice-se-preocupa-ao-ve-la-com-cesar","status":"publish","type":"post","link":"https:\/\/migracao.redenoticia.com.br\/noticia\/2016\/novela-sol-nascente-resumo-1309-mario-apos-ter-declarado-seu-amor-por-alice-se-preocupa-ao-ve-la-com-cesar\/95039","title":{"rendered":"Novela \u201cSol Nascente\u201d resumo 13\/09: Kika percebe entrosamento entre Lenita e Vittorio"},"content":{"rendered":"<p><img loading=\"lazy\" decoding=\"async\" class=\"alignleft size-thumbnail wp-image-91714\" src=\"https:\/\/migracao.redenoticia.com.br\/noticia\/imagens\/sol_nascente_resumo_novela_globo-150x112.jpg\" alt=\"sol_nascente_resumo_novela_globo\" width=\"150\" height=\"112\" srcset=\"https:\/\/migracao.redenoticia.com.br\/noticia\/imagens\/sol_nascente_resumo_novela_globo-150x112.jpg 150w, https:\/\/migracao.redenoticia.com.br\/noticia\/imagens\/sol_nascente_resumo_novela_globo-265x198.jpg 265w\" sizes=\"auto, (max-width: 150px) 100vw, 150px\" \/><strong><em>Novela \u201cSol Nascente\u201d resumo 13\/09<\/em><\/strong>: ap\u00f3s um dia ruim,\u00a0Lenita decide fazer uma caminhada na praia e se depara com um som de gaita. Ela para para ouvir a m\u00fasica e percebe que \u00e9\u00a0Vittorio. Ele n\u00e3o esperava ter p\u00fablico em seu solit\u00e1rio show, fica sem gra\u00e7a e para de tocar. A dona do Rota 94, no entanto, fica encantada com o talento do padeiro. Ela o elogia. Gaetano v\u00ea os dois e fica entusiasmado. Logo depois, Kika percebe o entrosamento entre Lenita e Vittorio.<\/p>\n<p>No cap\u00edtulo 013(*), novela \u201cSol Nascente\u201d, ter\u00e7a-feira, 13 de setembro \u2013 Chica pede que Mario traga Alice a seu encontro. Gaetano v\u00ea Vittorio e Lenita conversando e fica entusiasmado.<\/p>\n<p>Tanaka aprova o comportamento de Cesar. Lenita critica o jeito de Ralf. Mario se preocupa ao ver Alice com Cesar. Tanaka aconselha a filha a se casar com Cesar. Hir\u00f4 implica com Yumi ao ouvi-la falar de Tiago. Alice descobre que a crise na Arraial Pescados \u00e9 grave. Kika percebe o entrosamento entre Lenita e Vittorio.<\/p>\n<p>Alice dispensa a sa\u00edda com Mario para passear com Cesar. Alice comenta com Cesar sobre a crise na empresa. Mario leva Alice para ver Chica e se surpreende ao perceber que elas j\u00e1 se conhecem.<\/p>\n<p>(*) edi\u00e7\u00e3o da Rede Globo, Novela \u201cSol Nascente\u201d, sujeito a altera\u00e7\u00e3o de data e conte\u00fado.<\/p>\n","protected":false},"excerpt":{"rendered":"<p>Novela \u201cSol Nascente\u201d resumo 13\/09: ap\u00f3s um dia ruim,\u00a0Lenita decide fazer uma caminhada na praia e se depara com um som de gaita. Ela para para ouvir a m\u00fasica e percebe que \u00e9\u00a0Vittorio. Ele n\u00e3o esperava ter p\u00fablico em seu solit\u00e1rio show, fica sem gra\u00e7a e para de tocar. A dona do Rota 94, no [&hellip;]<\/p>\n","protected":false},"author":4,"featured_media":91714,"comment_status":"open","ping_status":"closed","sticky":false,"template":"","format":"standard","meta":{"tdm_status":"","tdm_grid_status":"","footnotes":""},"categories":[379,375,343],"tags":[441],"class_list":{"0":"post-95039","1":"post","2":"type-post","3":"status-publish","4":"format-standard","5":"has-post-thumbnail","7":"category-novelas","8":"category-rede-globo","9":"category-televisao","10":"tag-resumo-do-dia"},"_links":{"self":[{"href":"https:\/\/migracao.redenoticia.com.br\/noticia\/wp-json\/wp\/v2\/posts\/95039","targetHints":{"allow":["GET"]}}],"collection":[{"href":"https:\/\/migracao.redenoticia.com.br\/noticia\/wp-json\/wp\/v2\/posts"}],"about":[{"href":"https:\/\/migracao.redenoticia.com.br\/noticia\/wp-json\/wp\/v2\/types\/post"}],"author":[{"embeddable":true,"href":"https:\/\/migracao.redenoticia.com.br\/noticia\/wp-json\/wp\/v2\/users\/4"}],"replies":[{"embeddable":true,"href":"https:\/\/migracao.redenoticia.com.br\/noticia\/wp-json\/wp\/v2\/comments?post=95039"}],"version-history":[{"count":0,"href":"https:\/\/migracao.redenoticia.com.br\/noticia\/wp-json\/wp\/v2\/posts\/95039\/revisions"}],"wp:featuredmedia":[{"embeddable":true,"href":"https:\/\/migracao.redenoticia.com.br\/noticia\/wp-json\/wp\/v2\/media\/91714"}],"wp:attachment":[{"href":"https:\/\/migracao.redenoticia.com.br\/noticia\/wp-json\/wp\/v2\/media?parent=95039"}],"wp:term":[{"taxonomy":"category","embeddable":true,"href":"https:\/\/migracao.redenoticia.com.br\/noticia\/wp-json\/wp\/v2\/categories?post=95039"},{"taxonomy":"post_tag","embeddable":true,"href":"https:\/\/migracao.redenoticia.com.br\/noticia\/wp-json\/wp\/v2\/tags?post=95039"}],"curies":[{"name":"wp","href":"https:\/\/api.w.org\/{rel}","templated":true}]}}