{"id":9504,"date":"2009-08-24T11:40:29","date_gmt":"2009-08-24T15:40:29","guid":{"rendered":"http:\/\/www.redenoticia.com.br\/noticia\/?p=9504"},"modified":"2009-08-24T11:40:45","modified_gmt":"2009-08-24T15:40:45","slug":"casa-modelo-conta-com-residuos-em-sua-estrutura-ecologicamente-correta","status":"publish","type":"post","link":"https:\/\/migracao.redenoticia.com.br\/noticia\/2009\/casa-modelo-conta-com-residuos-em-sua-estrutura-ecologicamente-correta\/9504","title":{"rendered":"Casa modelo conta com res\u00edduos em sua estrutura ecologicamente correta"},"content":{"rendered":"<p><a href=\"https:\/\/migracao.redenoticia.com.br\/noticia\/imagens\/\/casa1.jpg\"><img loading=\"lazy\" decoding=\"async\" class=\"alignleft size-medium wp-image-9505\" title=\"casa\" src=\"https:\/\/migracao.redenoticia.com.br\/noticia\/imagens\/\/casa1-249x187.jpg\" alt=\"casa\" width=\"249\" height=\"187\" \/><\/a>Constru\u00edda com tijolos fabricados com res\u00edduos, ganhou apoio de tecnologias para racionaliza\u00e7\u00e3o de energia e \u00e1gua. As telhas e forros t\u00e9rmicos, constru\u00eddos a partir de aparas de tubos de creme dental, facilitam a ventila\u00e7\u00e3o natural, dispensando o uso de ar condicionado e ventiladores. O posicionamento e a angula\u00e7\u00e3o do telhado captam melhor a luz solar, utilizada no aquecimento de \u00e1gua, via painel solar, abastecendo torneiras e chuveiros equipados com aparelhos medidores de consumo. A pintura da Casa mereceu tintas ecol\u00f3gicas \u00e0 base de \u00e1gua e sem odores.<\/p>\n<p>A Casa Modelo experimental \u00e9 o case a ser apresentado pelo Cons\u00f3rcio Intermunicipal das Bacias dos Rios Piracicaba, Capivari e Jundia\u00ed (Cons\u00f3rcio PCJ) na mesa redonda &#8220;Economizando energia e gerando sustentabilidade&#8221;, no dia 25\/8 das 14h \u00e0s 16h.<\/p>\n<p>Este \u00e9 um dos destaques da Mostra Fiesp\/Ciesp de Responsabilidade Socioambiental, a ser realizada de 25 a 27 de agosto, na Federa\u00e7\u00e3o das Ind\u00fastrias do Estado de S\u00e3o Paulo (Fiesp), com a tem\u00e1tica A Revolu\u00e7\u00e3o Industrial, Econ\u00f4mica, Ambiental, Social e Pol\u00edtica no P\u00f3s-crise Mundial. A Mostra conta com mais de 125 palestrantes e j\u00e1 contabiliza 7 mil inscri\u00e7\u00f5es.<\/p>\n<p>A \u00e1gua da chuva coletada por calhas \u00e9 armazenada em cisterna e utilizada em vasos sanit\u00e1rios, na lavagem dos pisos e tamb\u00e9m na rega do jardim e pomar. Usada, tem destino certo: a esta\u00e7\u00e3o compacta local de tratamento de esgoto.<\/p>\n<p>Banheiro inteligente<\/p>\n<p>Os dois chuveiros instalados t\u00eam aparelhos que reduzem o consumo. Um sensor corta a energia ap\u00f3s um determinado per\u00edodo de tempo, enquanto o outro possui um tapete, em formato de serpentina, aquecido com a \u00e1gua que cai do chuveiro, voltando ao ciclo e pr\u00e9-aquecendo a \u00e1gua que ainda retornar\u00e1 ao chuveiro. H\u00e1 dois tipos de vaso sanit\u00e1rio, um deles utiliza v\u00e1lvula comum e o outro tem caixa acoplada, com dois n\u00edveis de descarga, um para l\u00edquidos (3 litros) e outro para s\u00f3lidos (6 litros).<\/p>\n<p>Para fins did\u00e1ticos, os dormit\u00f3rios t\u00eam tr\u00eas diferentes tipos de l\u00e2mpadas (comum, fluorescente e led) a fim de demonstrar as diferen\u00e7as de consumo. Mais do que isso, o projeto demonstra que o mix de tecnologia, utiliza\u00e7\u00e3o de materiais construtivos renov\u00e1veis e reciclagem resultam em conforto e respeito ao meio ambiente.<\/p>\n<p>A Casa, instalada em Americana (SP), junto \u00e0 sede do Cons\u00f3rcio PCJ, no Centro de Refer\u00eancia em Gest\u00e3o de Prote\u00e7\u00e3o dos Recursos H\u00eddricos, com 190 metros quadrados de \u00e1rea \u00fatil, \u00e9 resultado de parceria com 22 empresas. Inaugurada no dia 19 de junho, custou R$ 200 mil. A estimativa de p\u00fablico \u00e9 de 10 mil visitantes\/ano.<\/p>\n<p>Necessidade gera oportunidade de neg\u00f3cios: exemplo vem da Labramo<\/p>\n<p>A Labramo Centronics iniciou suas atividades h\u00e1 27 anos produzindo equipamentos de inform\u00e1tica. Instalada na cidade de Bragan\u00e7a Paulista, adotou fonte de energia renov\u00e1vel reduzindo seu gasto. Foi instalado sistema de gera\u00e7\u00e3o de energia solar, respons\u00e1vel por 60% do consumo da linha de produ\u00e7\u00e3o (exce\u00e7\u00e3o de motores e compressores el\u00e9tricos, equipamentos altamente consumidores, para os quais a empresa est\u00e1 criando um sistema inovador &#8220;flex&#8221;- solar e el\u00e9trico).<\/p>\n<p>A necessidade levou \u00e0 oportunidade de neg\u00f3cio. Em 2001, a divis\u00e3o SunLab Power desenvolveu tecnologia em gera\u00e7\u00e3o de energia solar, que originou uma linha de produtos inovadores voltados a solu\u00e7\u00f5es baseadas tamb\u00e9m em energia e\u00f3lica e outras fontes limpas e renov\u00e1veis. O resultado surpreendeu: o faturamento quintuplicou entre 2000 e 2008, abrindo as portas \u00e0 exporta\u00e7\u00e3o de tecnologia de ponta para diversos pa\u00edses, como Alemanha, Espanha e It\u00e1lia.<\/p>\n<p>Na mesa de debates tamb\u00e9m estar\u00e1 a Opersan, tratando de economia de energia. O moderador ser\u00e1 Vitor Seravalli, diretor-titular da \u00e1rea de responsabilidade social do Centro das Ind\u00fastrias do Estado de S\u00e3o Paulo (Ciesp).<\/p>\n<p>Servi\u00e7o:<br \/>\nMostra Fiesp\/Ciesp de Responsabilidade Socioambiental<br \/>\nQuando: 25 a 27 de agosto, das 9h \u00e0s 18h<br \/>\nLocal: edif\u00edcio sede da Fiesp, \u00e0 Av. Paulista 1.313.<\/p>\n","protected":false},"excerpt":{"rendered":"<p>Constru\u00edda com tijolos fabricados com res\u00edduos, ganhou apoio de tecnologias para racionaliza\u00e7\u00e3o de energia e \u00e1gua. As telhas e forros t\u00e9rmicos, constru\u00eddos a partir de aparas de tubos de creme dental, facilitam a ventila\u00e7\u00e3o natural, dispensando o uso de ar condicionado e ventiladores. O posicionamento e a angula\u00e7\u00e3o do telhado captam melhor a luz solar, [&hellip;]<\/p>\n","protected":false},"author":3,"featured_media":0,"comment_status":"open","ping_status":"open","sticky":false,"template":"","format":"standard","meta":{"tdm_status":"","tdm_grid_status":"","footnotes":""},"categories":[22,7],"tags":[],"class_list":{"0":"post-9504","1":"post","2":"type-post","3":"status-publish","4":"format-standard","6":"category-brasil","7":"category-economia"},"_links":{"self":[{"href":"https:\/\/migracao.redenoticia.com.br\/noticia\/wp-json\/wp\/v2\/posts\/9504","targetHints":{"allow":["GET"]}}],"collection":[{"href":"https:\/\/migracao.redenoticia.com.br\/noticia\/wp-json\/wp\/v2\/posts"}],"about":[{"href":"https:\/\/migracao.redenoticia.com.br\/noticia\/wp-json\/wp\/v2\/types\/post"}],"author":[{"embeddable":true,"href":"https:\/\/migracao.redenoticia.com.br\/noticia\/wp-json\/wp\/v2\/users\/3"}],"replies":[{"embeddable":true,"href":"https:\/\/migracao.redenoticia.com.br\/noticia\/wp-json\/wp\/v2\/comments?post=9504"}],"version-history":[{"count":0,"href":"https:\/\/migracao.redenoticia.com.br\/noticia\/wp-json\/wp\/v2\/posts\/9504\/revisions"}],"wp:attachment":[{"href":"https:\/\/migracao.redenoticia.com.br\/noticia\/wp-json\/wp\/v2\/media?parent=9504"}],"wp:term":[{"taxonomy":"category","embeddable":true,"href":"https:\/\/migracao.redenoticia.com.br\/noticia\/wp-json\/wp\/v2\/categories?post=9504"},{"taxonomy":"post_tag","embeddable":true,"href":"https:\/\/migracao.redenoticia.com.br\/noticia\/wp-json\/wp\/v2\/tags?post=9504"}],"curies":[{"name":"wp","href":"https:\/\/api.w.org\/{rel}","templated":true}]}}