{"id":95041,"date":"2016-09-12T17:50:02","date_gmt":"2016-09-12T20:50:02","guid":{"rendered":"http:\/\/www.redenoticia.com.br\/noticia\/?p=95041"},"modified":"2016-09-12T11:45:28","modified_gmt":"2016-09-12T14:45:28","slug":"novela-malhacao-resumo-1309-romulo-convida-nanda-para-sair","status":"publish","type":"post","link":"https:\/\/migracao.redenoticia.com.br\/noticia\/2016\/novela-malhacao-resumo-1309-romulo-convida-nanda-para-sair\/95041","title":{"rendered":"Novela \u201cMalha\u00e7\u00e3o\u201d resumo 13\/09: R\u00f4mulo convida Nanda para sair"},"content":{"rendered":"<p><img loading=\"lazy\" decoding=\"async\" class=\"alignleft size-thumbnail wp-image-91715\" src=\"https:\/\/migracao.redenoticia.com.br\/noticia\/imagens\/malhacao_pro_dia_nascer_feliz_resumo_novela-150x112.jpg\" alt=\"malhacao_pro_dia_nascer_feliz_resumo_novela\" width=\"150\" height=\"112\" srcset=\"https:\/\/migracao.redenoticia.com.br\/noticia\/imagens\/malhacao_pro_dia_nascer_feliz_resumo_novela-150x112.jpg 150w, https:\/\/migracao.redenoticia.com.br\/noticia\/imagens\/malhacao_pro_dia_nascer_feliz_resumo_novela-265x198.jpg 265w\" sizes=\"auto, (max-width: 150px) 100vw, 150px\" \/><strong><em>Novela \u201cMalha\u00e7\u00e3o\u201d resumo 13\/09<\/em><\/strong>: a\u00a0ideia de\u00a0Joana para atrair mais alunos \u00e0 Forma saiu do papel. S\u00f3 que, na pr\u00e1tica, a a\u00e7\u00e3o atrai muita gente e muita confus\u00e3o. B\u00e1rbara, T\u00e2nia, J\u00e9ssica e a pr\u00f3pria Joana ralam para darem conta do recado. Ricardo surge de surpresa, flagra o caos dentro da academia e responsabiliza B\u00e1rbara pelos problemas. <\/p>\n<p>No cap\u00edtulo 017(*), novela \u201cMalha\u00e7\u00e3o\u201d, ter\u00e7a-feira, 13 de setembro \u2013 Ricardo responsabiliza B\u00e1rbara pelos problemas na academia. Gabriel e Giovane ficam em segundo lugar no campeonato de v\u00f4lei.<\/p>\n<p>Juliana, Lucas e outros alunos enfrentam Corr\u00eaa e pedem a volta de Secret\u00e1rio. R\u00f4mulo convida Nanda para sair. O cabrito Secret\u00e1rio volta para a escola.<\/p>\n<p>J\u00e9ssica aceita ir ao cinema com Nanda e R\u00f4mulo, e Belloto decide acompanh\u00e1-los. B\u00e1rbara convence Gabriel a assumir noivado com ela. T\u00e2nia questiona os sentimentos de Joana por Gabriel.<\/p>\n<p>(*) edi\u00e7\u00e3o da Rede Globo, Novela \u201cMalha\u00e7\u00e3o\u201d, sujeito a altera\u00e7\u00e3o de data e conte\u00fado.<\/p>\n","protected":false},"excerpt":{"rendered":"<p>Novela \u201cMalha\u00e7\u00e3o\u201d resumo 13\/09: a\u00a0ideia de\u00a0Joana para atrair mais alunos \u00e0 Forma saiu do papel. S\u00f3 que, na pr\u00e1tica, a a\u00e7\u00e3o atrai muita gente e muita confus\u00e3o. B\u00e1rbara, T\u00e2nia, J\u00e9ssica e a pr\u00f3pria Joana ralam para darem conta do recado. Ricardo surge de surpresa, flagra o caos dentro da academia e responsabiliza B\u00e1rbara pelos problemas. [&hellip;]<\/p>\n","protected":false},"author":4,"featured_media":91715,"comment_status":"open","ping_status":"closed","sticky":false,"template":"","format":"standard","meta":{"tdm_status":"","tdm_grid_status":"","footnotes":""},"categories":[447,379,375,343],"tags":[441],"class_list":{"0":"post-95041","1":"post","2":"type-post","3":"status-publish","4":"format-standard","5":"has-post-thumbnail","7":"category-malhacao","8":"category-novelas","9":"category-rede-globo","10":"category-televisao","11":"tag-resumo-do-dia"},"_links":{"self":[{"href":"https:\/\/migracao.redenoticia.com.br\/noticia\/wp-json\/wp\/v2\/posts\/95041","targetHints":{"allow":["GET"]}}],"collection":[{"href":"https:\/\/migracao.redenoticia.com.br\/noticia\/wp-json\/wp\/v2\/posts"}],"about":[{"href":"https:\/\/migracao.redenoticia.com.br\/noticia\/wp-json\/wp\/v2\/types\/post"}],"author":[{"embeddable":true,"href":"https:\/\/migracao.redenoticia.com.br\/noticia\/wp-json\/wp\/v2\/users\/4"}],"replies":[{"embeddable":true,"href":"https:\/\/migracao.redenoticia.com.br\/noticia\/wp-json\/wp\/v2\/comments?post=95041"}],"version-history":[{"count":0,"href":"https:\/\/migracao.redenoticia.com.br\/noticia\/wp-json\/wp\/v2\/posts\/95041\/revisions"}],"wp:featuredmedia":[{"embeddable":true,"href":"https:\/\/migracao.redenoticia.com.br\/noticia\/wp-json\/wp\/v2\/media\/91715"}],"wp:attachment":[{"href":"https:\/\/migracao.redenoticia.com.br\/noticia\/wp-json\/wp\/v2\/media?parent=95041"}],"wp:term":[{"taxonomy":"category","embeddable":true,"href":"https:\/\/migracao.redenoticia.com.br\/noticia\/wp-json\/wp\/v2\/categories?post=95041"},{"taxonomy":"post_tag","embeddable":true,"href":"https:\/\/migracao.redenoticia.com.br\/noticia\/wp-json\/wp\/v2\/tags?post=95041"}],"curies":[{"name":"wp","href":"https:\/\/api.w.org\/{rel}","templated":true}]}}