{"id":95050,"date":"2016-09-12T18:15:11","date_gmt":"2016-09-12T21:15:11","guid":{"rendered":"http:\/\/www.redenoticia.com.br\/noticia\/?p=95050"},"modified":"2016-09-12T11:53:51","modified_gmt":"2016-09-12T14:53:51","slug":"novela-a-gata-resumo-1309-esmeralda-leva-presentes-para-todos-os-com-quem-viveu","status":"publish","type":"post","link":"https:\/\/migracao.redenoticia.com.br\/noticia\/2016\/novela-a-gata-resumo-1309-esmeralda-leva-presentes-para-todos-os-com-quem-viveu\/95050","title":{"rendered":"Novela \u201cA Gata\u201d resumo 13\/09: Esmeralda decide viver com o Silencioso"},"content":{"rendered":"<p><img loading=\"lazy\" decoding=\"async\" class=\"alignleft size-thumbnail wp-image-92254\" src=\"https:\/\/migracao.redenoticia.com.br\/noticia\/imagens\/A_Gata_novela_resumo_SBT-150x112.jpg\" alt=\"A_Gata_novela_resumo_SBT\" width=\"150\" height=\"112\" srcset=\"https:\/\/migracao.redenoticia.com.br\/noticia\/imagens\/A_Gata_novela_resumo_SBT-150x112.jpg 150w, https:\/\/migracao.redenoticia.com.br\/noticia\/imagens\/A_Gata_novela_resumo_SBT-265x198.jpg 265w\" sizes=\"auto, (max-width: 150px) 100vw, 150px\" \/><strong><em>Novela \u201cA Gata\u201d resumo 13\/09<\/em><\/strong>: feliz, Silencioso diz a Dami\u00e3o que Rita confirmou que Esmeralda \u00e9 sua filha. Dami\u00e3o responde que Esmeralda s\u00f3 vai aceitar viver com ele se souber que se trata de seu pai. Depois, Mercedes tenta convencer Esmeralda a aceitar a ajuda do Silencioso, como se ele fosse seu pai. Esmeralda decide viver com o Silencioso. Mais tarde, Dami\u00e3o e Mercedes levam Esmeralda para uma mudan\u00e7a no visual. Esmeralda leva presentes para todos os amigos e diz que vai trabalhar como secret\u00e1ria.<\/p>\n<p>No cap\u00edtulo 022(*), novela \u201cA Gata\u201d, ter\u00e7a-feira, 13 de setembro \u2013 Silencioso, muito feliz, diz a Dami\u00e3o que Rita confirmou que Esmeralda \u00e9 sua filha. Dami\u00e3o responde que Esmeralda s\u00f3 aceitar\u00e1 viver com ele se souber que se trata de seu pai. Esmeralda expulsa Mariano.<\/p>\n<p>Garrancho e seus c\u00famplices assaltam Mariano. Mercedes tenta convencer Esmeralda a aceitar a ajuda do Silencioso, como se ele fosse seu pai. Paulo se compromete com M\u00f4nica. Ela percebe que Paulo est\u00e1 triste. Esmeralda decide viver com o Silencioso. Jacira pensa que a m\u00e3e de Esmeralda se parece com Perla.<\/p>\n<p>Paulo diz a Lorena que seu casamento ser\u00e1 uma farsa, para fazer Esmeralda ter ci\u00fames. Dami\u00e3o e Mercedes levam Esmeralda para uma mudan\u00e7a no visual. Esmeralda leva presentes para todos os com quem viveu, e diz que trabalhar\u00e1 como secret\u00e1ria.<\/p>\n<p>(*) edi\u00e7\u00e3o do SBT, Novela \u201cA Gata\u201d, sujeito a altera\u00e7\u00e3o de data e conte\u00fado.<\/p>\n","protected":false},"excerpt":{"rendered":"<p>Novela \u201cA Gata\u201d resumo 13\/09: feliz, Silencioso diz a Dami\u00e3o que Rita confirmou que Esmeralda \u00e9 sua filha. Dami\u00e3o responde que Esmeralda s\u00f3 vai aceitar viver com ele se souber que se trata de seu pai. Depois, Mercedes tenta convencer Esmeralda a aceitar a ajuda do Silencioso, como se ele fosse seu pai. Esmeralda decide [&hellip;]<\/p>\n","protected":false},"author":4,"featured_media":92254,"comment_status":"open","ping_status":"closed","sticky":false,"template":"","format":"standard","meta":{"tdm_status":"","tdm_grid_status":"","footnotes":""},"categories":[379,372,343],"tags":[441],"class_list":{"0":"post-95050","1":"post","2":"type-post","3":"status-publish","4":"format-standard","5":"has-post-thumbnail","7":"category-novelas","8":"category-sbt","9":"category-televisao","10":"tag-resumo-do-dia"},"_links":{"self":[{"href":"https:\/\/migracao.redenoticia.com.br\/noticia\/wp-json\/wp\/v2\/posts\/95050","targetHints":{"allow":["GET"]}}],"collection":[{"href":"https:\/\/migracao.redenoticia.com.br\/noticia\/wp-json\/wp\/v2\/posts"}],"about":[{"href":"https:\/\/migracao.redenoticia.com.br\/noticia\/wp-json\/wp\/v2\/types\/post"}],"author":[{"embeddable":true,"href":"https:\/\/migracao.redenoticia.com.br\/noticia\/wp-json\/wp\/v2\/users\/4"}],"replies":[{"embeddable":true,"href":"https:\/\/migracao.redenoticia.com.br\/noticia\/wp-json\/wp\/v2\/comments?post=95050"}],"version-history":[{"count":0,"href":"https:\/\/migracao.redenoticia.com.br\/noticia\/wp-json\/wp\/v2\/posts\/95050\/revisions"}],"wp:featuredmedia":[{"embeddable":true,"href":"https:\/\/migracao.redenoticia.com.br\/noticia\/wp-json\/wp\/v2\/media\/92254"}],"wp:attachment":[{"href":"https:\/\/migracao.redenoticia.com.br\/noticia\/wp-json\/wp\/v2\/media?parent=95050"}],"wp:term":[{"taxonomy":"category","embeddable":true,"href":"https:\/\/migracao.redenoticia.com.br\/noticia\/wp-json\/wp\/v2\/categories?post=95050"},{"taxonomy":"post_tag","embeddable":true,"href":"https:\/\/migracao.redenoticia.com.br\/noticia\/wp-json\/wp\/v2\/tags?post=95050"}],"curies":[{"name":"wp","href":"https:\/\/api.w.org\/{rel}","templated":true}]}}