{"id":95052,"date":"2016-09-12T17:15:06","date_gmt":"2016-09-12T20:15:06","guid":{"rendered":"http:\/\/www.redenoticia.com.br\/noticia\/?p=95052"},"modified":"2016-09-12T11:42:32","modified_gmt":"2016-09-12T14:42:32","slug":"novela-abismo-da-paixao-resumo-1309-paulo-chantageia-florencia","status":"publish","type":"post","link":"https:\/\/migracao.redenoticia.com.br\/noticia\/2016\/novela-abismo-da-paixao-resumo-1309-paulo-chantageia-florencia\/95052","title":{"rendered":"Novela \u201cAbismo da Paix\u00e3o\u201d resumo 13\/09: Paulo chantageia Flor\u00eancia"},"content":{"rendered":"<p><img loading=\"lazy\" decoding=\"async\" class=\"alignleft size-thumbnail wp-image-81978\" src=\"https:\/\/migracao.redenoticia.com.br\/noticia\/imagens\/abismo_de_paixao_sbt_resumo_novela-150x112.jpg\" alt=\"abismo_de_paixao_sbt_resumo_novela\" width=\"150\" height=\"112\" srcset=\"https:\/\/migracao.redenoticia.com.br\/noticia\/imagens\/abismo_de_paixao_sbt_resumo_novela-150x112.jpg 150w, https:\/\/migracao.redenoticia.com.br\/noticia\/imagens\/abismo_de_paixao_sbt_resumo_novela-265x198.jpg 265w\" sizes=\"auto, (max-width: 150px) 100vw, 150px\" \/><strong><em>Novela \u201cAbismo da Paix\u00e3o\u201d resumo 13\/09<\/em><\/strong>:\u00a0Paulo liga para Flor\u00eancia e diz que vai lhe mandar uma surpresa. Chega o dia do casamento de Dami\u00e3o e Flor\u00eancia e, na fazenda Arango, o casal e Almerinda se surpreendem quando veem Paulo chegar. Almerinda pede que v\u00e1 embora dali assim que termine o casamento. Paulo chantageia Flor\u00eancia. Ele pede dinheiro em troca de guardar o segredo quanto \u00e0 sua gravidez.<\/p>\n<p>No cap\u00edtulo 122 (*), novela \u201cAbismo da Paix\u00e3o\u201d, ter\u00e7a-feira, 13 de setembro \u2013 Elisa j\u00e1 est\u00e1 pronta para seu casamento com Gael. Dolores e Lucio a acompanham. Carmem fica s\u00f3 na fazenda, j\u00e1 que n\u00e3o foi convidada.<\/p>\n<p>Ramiro chega \u00e0 fazenda para ver Carmem. Carmen pergunta por Ingrid e Ramiro diz que a matou. Na fazenda Arango, Dami\u00e3o, Almerinda e Flor\u00eancia se surpreendem quando veem Paulo chegar.<\/p>\n<p>Almerinda pede que v\u00e1 embora dali assim que termine o casamento. Paulo chantageia Flor\u00eancia, pedindo lhe dinheiro em troca de seguir guardando o segredo quanto \u00e1 sua gravidez.<\/p>\n<p>(*) edi\u00e7\u00e3o do SBT, Novela \u201cAbismo da Paix\u00e3o\u201d, sujeito a altera\u00e7\u00e3o de data e conte\u00fado.<\/p>\n","protected":false},"excerpt":{"rendered":"<p>Novela \u201cAbismo da Paix\u00e3o\u201d resumo 13\/09:\u00a0Paulo liga para Flor\u00eancia e diz que vai lhe mandar uma surpresa. Chega o dia do casamento de Dami\u00e3o e Flor\u00eancia e, na fazenda Arango, o casal e Almerinda se surpreendem quando veem Paulo chegar. Almerinda pede que v\u00e1 embora dali assim que termine o casamento. Paulo chantageia Flor\u00eancia. Ele [&hellip;]<\/p>\n","protected":false},"author":4,"featured_media":81978,"comment_status":"open","ping_status":"closed","sticky":false,"template":"","format":"standard","meta":{"tdm_status":"","tdm_grid_status":"","footnotes":""},"categories":[379,372,343],"tags":[441],"class_list":{"0":"post-95052","1":"post","2":"type-post","3":"status-publish","4":"format-standard","5":"has-post-thumbnail","7":"category-novelas","8":"category-sbt","9":"category-televisao","10":"tag-resumo-do-dia"},"_links":{"self":[{"href":"https:\/\/migracao.redenoticia.com.br\/noticia\/wp-json\/wp\/v2\/posts\/95052","targetHints":{"allow":["GET"]}}],"collection":[{"href":"https:\/\/migracao.redenoticia.com.br\/noticia\/wp-json\/wp\/v2\/posts"}],"about":[{"href":"https:\/\/migracao.redenoticia.com.br\/noticia\/wp-json\/wp\/v2\/types\/post"}],"author":[{"embeddable":true,"href":"https:\/\/migracao.redenoticia.com.br\/noticia\/wp-json\/wp\/v2\/users\/4"}],"replies":[{"embeddable":true,"href":"https:\/\/migracao.redenoticia.com.br\/noticia\/wp-json\/wp\/v2\/comments?post=95052"}],"version-history":[{"count":0,"href":"https:\/\/migracao.redenoticia.com.br\/noticia\/wp-json\/wp\/v2\/posts\/95052\/revisions"}],"wp:featuredmedia":[{"embeddable":true,"href":"https:\/\/migracao.redenoticia.com.br\/noticia\/wp-json\/wp\/v2\/media\/81978"}],"wp:attachment":[{"href":"https:\/\/migracao.redenoticia.com.br\/noticia\/wp-json\/wp\/v2\/media?parent=95052"}],"wp:term":[{"taxonomy":"category","embeddable":true,"href":"https:\/\/migracao.redenoticia.com.br\/noticia\/wp-json\/wp\/v2\/categories?post=95052"},{"taxonomy":"post_tag","embeddable":true,"href":"https:\/\/migracao.redenoticia.com.br\/noticia\/wp-json\/wp\/v2\/tags?post=95052"}],"curies":[{"name":"wp","href":"https:\/\/api.w.org\/{rel}","templated":true}]}}