{"id":95102,"date":"2016-09-13T06:22:16","date_gmt":"2016-09-13T09:22:16","guid":{"rendered":"http:\/\/www.redenoticia.com.br\/noticia\/?p=95102"},"modified":"2016-09-12T18:23:33","modified_gmt":"2016-09-12T21:23:33","slug":"biodiversidade-e-empreendedorismo-sera-tema-de-evento-na-fapesp","status":"publish","type":"post","link":"https:\/\/migracao.redenoticia.com.br\/noticia\/2016\/biodiversidade-e-empreendedorismo-sera-tema-de-evento-na-fapesp\/95102","title":{"rendered":"Biodiversidade e Empreendedorismo ser\u00e1 tema de evento na FAPESP"},"content":{"rendered":"<p> Ag\u00eancia FAPESP \u2013 O programa BIOTA\u2013FAPESP realizar\u00e1 o evento \u201c<strong><em>Biodiversidade e Empreendedorismo<\/em><\/strong>\u201d no dia 14 de setembro de 2016, das 8h30 \u00e0s 12h, no audit\u00f3rio da FAPESP. O encontro tem como objetivo abordar novas ideias para o uso sustent\u00e1vel da biodiversidade brasileira. Na ocasi\u00e3o, os finalistas do Concurso BIOTA Empreendedorismo far\u00e3o a defesa p\u00fablica de seus trabalhos e os vencedores ser\u00e3o anunciados.<\/p>\n<p>O evento ter\u00e1 uma palestra magna, com o tema \u201cInova\u00e7\u00e3o, Propriedade Intelectual e Informa\u00e7\u00f5es Tecnol\u00f3gicas \u2013 O que todo mundo deveria saber?\u201d, por Henry Suzuki, diretor da Axonal Consultoria Tecnol\u00f3gica.<\/p>\n<p>A programa\u00e7\u00e3o inclui tamb\u00e9m apresenta\u00e7\u00f5es de Caroline Sprengel Lima, da Universidade Estadual Paulista (Unesp) sobre \u201cNanoformula\u00e7\u00f5es lip\u00eddicas de alcaloides antiparasit\u00e1rios\u201d; de Lucas Garcia Von Zuben, da Universidade de S\u00e3o Paulo (USP), sobre \u201cManejo integrado de carrapatos: atra\u00e7\u00e3o feromonal e controle biol\u00f3gico\u201d; de Lilian Cherubin Correira, da Unesp, com tema \u201cFitoqu\u00edmicos de plantas para \u00e1reas degradadas\u201d, entre outros.<\/p>\n<p>Inscri\u00e7\u00f5es e mais informa\u00e7\u00f5es sobre a programa\u00e7\u00e3o est\u00e1 dispon\u00edveis no endere\u00e7o .<\/p>\n","protected":false},"excerpt":{"rendered":"<p>Ag\u00eancia FAPESP \u2013 O programa BIOTA\u2013FAPESP realizar\u00e1 o evento \u201cBiodiversidade e Empreendedorismo\u201d no dia 14 de setembro de 2016, das 8h30 \u00e0s 12h, no audit\u00f3rio da FAPESP. O encontro tem como objetivo abordar novas ideias para o uso sustent\u00e1vel da biodiversidade brasileira. Na ocasi\u00e3o, os finalistas do Concurso BIOTA Empreendedorismo far\u00e3o a defesa p\u00fablica de [&hellip;]<\/p>\n","protected":false},"author":2,"featured_media":34905,"comment_status":"open","ping_status":"closed","sticky":false,"template":"","format":"standard","meta":{"tdm_status":"","tdm_grid_status":"","footnotes":""},"categories":[22],"tags":[],"class_list":{"0":"post-95102","1":"post","2":"type-post","3":"status-publish","4":"format-standard","5":"has-post-thumbnail","7":"category-brasil"},"_links":{"self":[{"href":"https:\/\/migracao.redenoticia.com.br\/noticia\/wp-json\/wp\/v2\/posts\/95102","targetHints":{"allow":["GET"]}}],"collection":[{"href":"https:\/\/migracao.redenoticia.com.br\/noticia\/wp-json\/wp\/v2\/posts"}],"about":[{"href":"https:\/\/migracao.redenoticia.com.br\/noticia\/wp-json\/wp\/v2\/types\/post"}],"author":[{"embeddable":true,"href":"https:\/\/migracao.redenoticia.com.br\/noticia\/wp-json\/wp\/v2\/users\/2"}],"replies":[{"embeddable":true,"href":"https:\/\/migracao.redenoticia.com.br\/noticia\/wp-json\/wp\/v2\/comments?post=95102"}],"version-history":[{"count":0,"href":"https:\/\/migracao.redenoticia.com.br\/noticia\/wp-json\/wp\/v2\/posts\/95102\/revisions"}],"wp:featuredmedia":[{"embeddable":true,"href":"https:\/\/migracao.redenoticia.com.br\/noticia\/wp-json\/wp\/v2\/media\/34905"}],"wp:attachment":[{"href":"https:\/\/migracao.redenoticia.com.br\/noticia\/wp-json\/wp\/v2\/media?parent=95102"}],"wp:term":[{"taxonomy":"category","embeddable":true,"href":"https:\/\/migracao.redenoticia.com.br\/noticia\/wp-json\/wp\/v2\/categories?post=95102"},{"taxonomy":"post_tag","embeddable":true,"href":"https:\/\/migracao.redenoticia.com.br\/noticia\/wp-json\/wp\/v2\/tags?post=95102"}],"curies":[{"name":"wp","href":"https:\/\/api.w.org\/{rel}","templated":true}]}}