{"id":95106,"date":"2016-09-13T06:24:53","date_gmt":"2016-09-13T09:24:53","guid":{"rendered":"http:\/\/www.redenoticia.com.br\/noticia\/?p=95106"},"modified":"2016-09-12T18:26:11","modified_gmt":"2016-09-12T21:26:11","slug":"vestibular-2017-da-unesp-inscricoes-abertas-para-7-365-vagas","status":"publish","type":"post","link":"https:\/\/migracao.redenoticia.com.br\/noticia\/2016\/vestibular-2017-da-unesp-inscricoes-abertas-para-7-365-vagas\/95106","title":{"rendered":"Vestibular 2017 da Unesp: inscri\u00e7\u00f5es abertas para 7.365 vagas"},"content":{"rendered":"<p> Est\u00e3o abertas as inscri\u00e7\u00f5es para o <strong><em>vestibular 2017 da Unesp<\/em><\/strong> (<\/span>Universidade Estadual Paulista). Est\u00e3o dispon\u00edveis 7.365 vagas em 173 op\u00e7\u00f5es de cursos, distribu\u00eddas em 23 cidades. Os interessados devem se inscrever pelo \u00a0at\u00e9 o dia 10 de outubro. A taxa de inscri\u00e7\u00e3o integral \u00e9 de R$ 170.<\/p>\n<p>As oportunidades est\u00e3o nas seguintes cidades: Ara\u00e7atuba (170 vagas), Araraquara (855), Assis (405), Bauru (1.045), Botucatu (600), Dracena (80), Franca (410), Guaratinguet\u00e1 (310), Ilha Solteira (310), Itapeva (80), Jaboticabal (280), Mar\u00edlia (475), Ourinhos (90), Presidente Prudente (640), Registro (40), Rio Claro (490), Rosana (80), S\u00e3o Jo\u00e3o da Boa Vista (40), S\u00e3o Jos\u00e9 do Rio Preto (460), S\u00e3o Jos\u00e9 dos Campos (120), S\u00e3o Paulo (185), S\u00e3o Vicente (80) e Tup\u00e3 (120).<\/p>\n<p> J\u00e1 as provas da primeira fase da sele\u00e7\u00e3o ser\u00e3o realizadas no dia 13 de novembro em 31 munic\u00edpios paulistas e ainda em Bras\u00edlia (DF), Campo Grande (MS) e Uberl\u00e2ndia (MG).<\/p>\n<p> Programa para a Inclus\u00e3o dos Melhores Alunos da Escola P\u00fablica na Universidade<br \/>\nCerca de 400 mil alunos de \u00faltimo ano do Ensino M\u00e9dio da rede p\u00fablica estadual de S\u00e3o Paulo poder\u00e3o se inscrever com desconto de 75% na taxa, ou seja, pagar\u00e3o R$ 42,50. O benef\u00edcio \u00e9 oferecido por meio de conv\u00eanio entre a Universidade, a Secretaria da Educa\u00e7\u00e3o e a Funda\u00e7\u00e3o Vunesp, respons\u00e1vel pela realiza\u00e7\u00e3o da sele\u00e7\u00e3o, e\u00a0tamb\u00e9m \u00e9 v\u00e1lido para os alunos das escolas do\u00a0Centro Paula Souza. Os interessados na redu\u00e7\u00e3o de 75% dever\u00e3o procurar a secretaria de sua escola para obterem uma senha de acesso \u00e0 ficha de inscri\u00e7\u00e3o com o benef\u00edcio.<\/p>\n<p> Os candidatos beneficiados pela redu\u00e7\u00e3o de 50% da taxa j\u00e1 realizaram o pedido at\u00e9 o dia 8 de setembro. O resultado estar\u00e1 dispon\u00edvel no  no dia 27 deste m\u00eas.<\/p>\n<p> A Unesp tamb\u00e9m oferece isen\u00e7\u00e3o da taxa destinada a 7.365 candidatos socioeconomicamente carentes. O resultado dos pedidos tamb\u00e9m ser\u00e1 divulgado na\u00a0 no dia 4 de outubro.<\/p>\n<p> Sistema de Reserva de Vagas para a Educa\u00e7\u00e3o B\u00e1sica P\u00fablica (SRVEBP)<br \/>\nO vestibular 2017 garante um m\u00ednimo de 45% das vagas de cada curso para alunos que tenham feito todo o Ensino M\u00e9dio em escola p\u00fablica.<\/p>\n<p> SERVI\u00c7O<br \/>\nPara mais informa\u00e7\u00f5es, Disque Vunesp \u2013 (11) 3874-6300 (de segunda a s\u00e1bado, das 8h \u00e0s 20h) ou acesse os sites:\u00a0\u00a0e\u00a0.<\/p>\n<p> Do Portal do Governo do Estado SP<\/p>\n","protected":false},"excerpt":{"rendered":"<p>Est\u00e3o abertas as inscri\u00e7\u00f5es para o vestibular 2017 da Unesp (Universidade Estadual Paulista). Est\u00e3o dispon\u00edveis 7.365 vagas em 173 op\u00e7\u00f5es de cursos, distribu\u00eddas em 23 cidades. Os interessados devem se inscrever pelo \u00a0at\u00e9 o dia 10 de outubro. A taxa de inscri\u00e7\u00e3o integral \u00e9 de R$ 170. As oportunidades est\u00e3o nas seguintes cidades: Ara\u00e7atuba (170 [&hellip;]<\/p>\n","protected":false},"author":2,"featured_media":34896,"comment_status":"open","ping_status":"closed","sticky":false,"template":"","format":"standard","meta":{"tdm_status":"","tdm_grid_status":"","footnotes":""},"categories":[22,370,295],"tags":[],"class_list":{"0":"post-95106","1":"post","2":"type-post","3":"status-publish","4":"format-standard","5":"has-post-thumbnail","7":"category-brasil","8":"category-inscricao","9":"category-vestibular"},"_links":{"self":[{"href":"https:\/\/migracao.redenoticia.com.br\/noticia\/wp-json\/wp\/v2\/posts\/95106","targetHints":{"allow":["GET"]}}],"collection":[{"href":"https:\/\/migracao.redenoticia.com.br\/noticia\/wp-json\/wp\/v2\/posts"}],"about":[{"href":"https:\/\/migracao.redenoticia.com.br\/noticia\/wp-json\/wp\/v2\/types\/post"}],"author":[{"embeddable":true,"href":"https:\/\/migracao.redenoticia.com.br\/noticia\/wp-json\/wp\/v2\/users\/2"}],"replies":[{"embeddable":true,"href":"https:\/\/migracao.redenoticia.com.br\/noticia\/wp-json\/wp\/v2\/comments?post=95106"}],"version-history":[{"count":0,"href":"https:\/\/migracao.redenoticia.com.br\/noticia\/wp-json\/wp\/v2\/posts\/95106\/revisions"}],"wp:featuredmedia":[{"embeddable":true,"href":"https:\/\/migracao.redenoticia.com.br\/noticia\/wp-json\/wp\/v2\/media\/34896"}],"wp:attachment":[{"href":"https:\/\/migracao.redenoticia.com.br\/noticia\/wp-json\/wp\/v2\/media?parent=95106"}],"wp:term":[{"taxonomy":"category","embeddable":true,"href":"https:\/\/migracao.redenoticia.com.br\/noticia\/wp-json\/wp\/v2\/categories?post=95106"},{"taxonomy":"post_tag","embeddable":true,"href":"https:\/\/migracao.redenoticia.com.br\/noticia\/wp-json\/wp\/v2\/tags?post=95106"}],"curies":[{"name":"wp","href":"https:\/\/api.w.org\/{rel}","templated":true}]}}