{"id":95108,"date":"2016-09-13T06:26:17","date_gmt":"2016-09-13T09:26:17","guid":{"rendered":"http:\/\/www.redenoticia.com.br\/noticia\/?p=95108"},"modified":"2016-09-12T18:27:10","modified_gmt":"2016-09-12T21:27:10","slug":"conheca-os-direitos-do-paciente-com-cancer","status":"publish","type":"post","link":"https:\/\/migracao.redenoticia.com.br\/noticia\/2016\/conheca-os-direitos-do-paciente-com-cancer\/95108","title":{"rendered":"Conhe\u00e7a os direitos do paciente com c\u00e2ncer"},"content":{"rendered":"<p> O <strong><em>paciente com c\u00e2ncer tem uma s\u00e9rie de direitos<\/em><\/strong> garantidos por leis, no \u00e2mbito federal, estadual e municipal. Conhe\u00e7a alguns deles: <\/p>\n<p>&#8211; Transporte p\u00fablico gratuito em S\u00e3o Paulo, no Metr\u00f4, trens da CPTM, \u00f4nibus municipais (Sptrans) e intermunicipais (EMTU);<br \/>\n&#8211; Aposentadoria por invalidez (nos casos em que a doen\u00e7a impossiblite o paciente de trabalhar);<br \/>\n&#8211; Isen\u00e7\u00e3o do ICMS para aquisi\u00e7\u00e3o de ve\u00edculos adaptados;<br \/>\n&#8211; Quita\u00e7\u00e3o do financiamento imobili\u00e1rio (quando a doen\u00e7a \u00e9 contra\u00edda ap\u00f3s a assinatura do contrato);<br \/>\n&#8211; Saque do PIS e do FGTS;<br \/>\n&#8211; Amparo social para o paciente idoso com c\u00e2ncer de baixa renda e que n\u00e3o exer\u00e7a atividade remunerada;<br \/>\n&#8211; Isen\u00e7\u00e3o de imposto de renda na aposentadoria.<\/p>\n<p>\u00a0sobre esses direitos.<\/p>\n<p>Do Portal do Governo do Estado SP<br \/>\n&#8212;<\/p>\n<p>Uma cartilha desenvolvida pelo escrit\u00f3rio de Projetos de Humaniza\u00e7\u00e3o do Icesp (Instituto do C\u00e2ncer do Estado de S\u00e3o Paulo) orienta os usu\u00e1rios do Sistema \u00danico de Sa\u00fade (SUS) sobre seus direitos e deveres na hora de procurar atendimento. A primeira li\u00e7\u00e3o \u00e9 sobre o funcionamento do SUS. O material explica tamb\u00e9m os passos para acessar os servi\u00e7os e itens como o cart\u00e3o SUS ou documento similar de identifica\u00e7\u00e3o, cuja fun\u00e7\u00e3o \u00e9 fazer a identifica\u00e7\u00e3o individualizada dos usu\u00e1rios da sa\u00fade. <\/p>\n","protected":false},"excerpt":{"rendered":"<p>O paciente com c\u00e2ncer tem uma s\u00e9rie de direitos garantidos por leis, no \u00e2mbito federal, estadual e municipal. Conhe\u00e7a alguns deles: &#8211; Transporte p\u00fablico gratuito em S\u00e3o Paulo, no Metr\u00f4, trens da CPTM, \u00f4nibus municipais (Sptrans) e intermunicipais (EMTU); &#8211; Aposentadoria por invalidez (nos casos em que a doen\u00e7a impossiblite o paciente de trabalhar); &#8211; [&hellip;]<\/p>\n","protected":false},"author":2,"featured_media":37376,"comment_status":"open","ping_status":"closed","sticky":false,"template":"","format":"standard","meta":{"tdm_status":"","tdm_grid_status":"","footnotes":""},"categories":[22,5],"tags":[],"class_list":{"0":"post-95108","1":"post","2":"type-post","3":"status-publish","4":"format-standard","5":"has-post-thumbnail","7":"category-brasil","8":"category-saude-e-vida"},"_links":{"self":[{"href":"https:\/\/migracao.redenoticia.com.br\/noticia\/wp-json\/wp\/v2\/posts\/95108","targetHints":{"allow":["GET"]}}],"collection":[{"href":"https:\/\/migracao.redenoticia.com.br\/noticia\/wp-json\/wp\/v2\/posts"}],"about":[{"href":"https:\/\/migracao.redenoticia.com.br\/noticia\/wp-json\/wp\/v2\/types\/post"}],"author":[{"embeddable":true,"href":"https:\/\/migracao.redenoticia.com.br\/noticia\/wp-json\/wp\/v2\/users\/2"}],"replies":[{"embeddable":true,"href":"https:\/\/migracao.redenoticia.com.br\/noticia\/wp-json\/wp\/v2\/comments?post=95108"}],"version-history":[{"count":0,"href":"https:\/\/migracao.redenoticia.com.br\/noticia\/wp-json\/wp\/v2\/posts\/95108\/revisions"}],"wp:featuredmedia":[{"embeddable":true,"href":"https:\/\/migracao.redenoticia.com.br\/noticia\/wp-json\/wp\/v2\/media\/37376"}],"wp:attachment":[{"href":"https:\/\/migracao.redenoticia.com.br\/noticia\/wp-json\/wp\/v2\/media?parent=95108"}],"wp:term":[{"taxonomy":"category","embeddable":true,"href":"https:\/\/migracao.redenoticia.com.br\/noticia\/wp-json\/wp\/v2\/categories?post=95108"},{"taxonomy":"post_tag","embeddable":true,"href":"https:\/\/migracao.redenoticia.com.br\/noticia\/wp-json\/wp\/v2\/tags?post=95108"}],"curies":[{"name":"wp","href":"https:\/\/api.w.org\/{rel}","templated":true}]}}