{"id":9512,"date":"2009-08-24T11:52:03","date_gmt":"2009-08-24T15:52:03","guid":{"rendered":"http:\/\/www.redenoticia.com.br\/noticia\/?p=9512"},"modified":"2009-08-24T11:52:03","modified_gmt":"2009-08-24T15:52:03","slug":"idolos-marcos-duarte-mostra-se-um-sertanejo-autentico","status":"publish","type":"post","link":"https:\/\/migracao.redenoticia.com.br\/noticia\/2009\/idolos-marcos-duarte-mostra-se-um-sertanejo-autentico\/9512","title":{"rendered":"\u00cddolos &#8211; Marcos Duarte mostra-se um sertanejo aut\u00eantico"},"content":{"rendered":"<p><a href=\"https:\/\/migracao.redenoticia.com.br\/noticia\/imagens\/\/marcosduarte.jpg\"><img loading=\"lazy\" decoding=\"async\" class=\"alignleft size-full wp-image-9513\" title=\"marcosduarte\" src=\"https:\/\/migracao.redenoticia.com.br\/noticia\/imagens\/\/marcosduarte.jpg\" alt=\"marcosduarte\" width=\"150\" height=\"113\" \/><\/a>\u00cddolos &#8211; &#8220;O mais incr\u00edvel do Brasil \u00e9 que o Brasil \u00e9 surpreendente. Do nada, aparece algu\u00e9m realmente muito especial. Vou te dar &#8216;sim'&#8221;. Com essas palavras, Paula Lima deu seu parecer ap\u00f3s ver e ouvir a apresenta\u00e7\u00e3o do cearense, Marcos Duarte, de 25 anos.\u00a0Trabalhador da ro\u00e7a, e de fam\u00edlia humilde, Marcos atravessou rios e estradas danificadas para estar na audi\u00e7\u00e3o do \u00cddolos 2009, e cantar &#8220;No dia em que eu sa\u00ed de casa&#8221;, da dupla Zez\u00e9 Di Camargo e Luciano.<\/p>\n<p>Luiz Calainho, apesar de n\u00e3o ter aprovado o candidato no \u00cddolos, mostrou-se surpreso ao final da audi\u00e7\u00e3o, &#8220;Meu voto \u00e9 &#8216;n\u00e3o&#8217; pois ainda falta a voc\u00ea mais experi\u00eancia, por\u00e9m tem muito talento e surpreendeu a todos aqui&#8221;.<\/p>\n<p>O \u00faltimo jurado do \u00cddolos a avaliar Marcos foi Marco Camargo, o mais severo dos jurados que aprovou o candidato ap\u00f3s comentar que, &#8220;Deus faz as coisas assim: coloca o talento nas pessoas&#8230; N\u00e3o escolhe idade, nem de onde se vem. E voc\u00ea veio com essa b\u00ean\u00e7\u00e3o, canta bem, \u00e9 afinado. Parab\u00e9ns!&#8221; Assim, Marcos Duarte foi aprovado para a fase seguinte do \u00cddolos 2009, em S\u00e3o Paulo.<\/p>\n<p>\u00cddolos &#8211; TV Record Marcus Pepe<\/p>\n","protected":false},"excerpt":{"rendered":"<p>\u00cddolos &#8211; &#8220;O mais incr\u00edvel do Brasil \u00e9 que o Brasil \u00e9 surpreendente. Do nada, aparece algu\u00e9m realmente muito especial. Vou te dar &#8216;sim&#8217;&#8221;. Com essas palavras, Paula Lima deu seu parecer ap\u00f3s ver e ouvir a apresenta\u00e7\u00e3o do cearense, Marcos Duarte, de 25 anos.\u00a0Trabalhador da ro\u00e7a, e de fam\u00edlia humilde, Marcos atravessou rios e [&hellip;]<\/p>\n","protected":false},"author":3,"featured_media":0,"comment_status":"open","ping_status":"open","sticky":false,"template":"","format":"standard","meta":{"tdm_status":"","tdm_grid_status":"","footnotes":""},"categories":[22,343],"tags":[],"class_list":{"0":"post-9512","1":"post","2":"type-post","3":"status-publish","4":"format-standard","6":"category-brasil","7":"category-televisao"},"_links":{"self":[{"href":"https:\/\/migracao.redenoticia.com.br\/noticia\/wp-json\/wp\/v2\/posts\/9512","targetHints":{"allow":["GET"]}}],"collection":[{"href":"https:\/\/migracao.redenoticia.com.br\/noticia\/wp-json\/wp\/v2\/posts"}],"about":[{"href":"https:\/\/migracao.redenoticia.com.br\/noticia\/wp-json\/wp\/v2\/types\/post"}],"author":[{"embeddable":true,"href":"https:\/\/migracao.redenoticia.com.br\/noticia\/wp-json\/wp\/v2\/users\/3"}],"replies":[{"embeddable":true,"href":"https:\/\/migracao.redenoticia.com.br\/noticia\/wp-json\/wp\/v2\/comments?post=9512"}],"version-history":[{"count":0,"href":"https:\/\/migracao.redenoticia.com.br\/noticia\/wp-json\/wp\/v2\/posts\/9512\/revisions"}],"wp:attachment":[{"href":"https:\/\/migracao.redenoticia.com.br\/noticia\/wp-json\/wp\/v2\/media?parent=9512"}],"wp:term":[{"taxonomy":"category","embeddable":true,"href":"https:\/\/migracao.redenoticia.com.br\/noticia\/wp-json\/wp\/v2\/categories?post=9512"},{"taxonomy":"post_tag","embeddable":true,"href":"https:\/\/migracao.redenoticia.com.br\/noticia\/wp-json\/wp\/v2\/tags?post=9512"}],"curies":[{"name":"wp","href":"https:\/\/api.w.org\/{rel}","templated":true}]}}