{"id":95121,"date":"2016-09-12T20:51:01","date_gmt":"2016-09-12T23:51:01","guid":{"rendered":"http:\/\/www.redenoticia.com.br\/noticia\/?p=95121"},"modified":"2016-09-12T20:51:01","modified_gmt":"2016-09-12T23:51:01","slug":"novela-sila-resumo-1309-berzan-e-intimado-a-dar-depoimento-a-justica","status":"publish","type":"post","link":"https:\/\/migracao.redenoticia.com.br\/noticia\/2016\/novela-sila-resumo-1309-berzan-e-intimado-a-dar-depoimento-a-justica\/95121","title":{"rendered":"Novela \u201cSila\u201d resumo 13\/09: Berzan \u00e9 intimado a dar depoimento \u00e0 justi\u00e7a"},"content":{"rendered":"<p> <img loading=\"lazy\" decoding=\"async\" class=\"alignleft size-thumbnail wp-image-83098\" src=\"https:\/\/migracao.redenoticia.com.br\/noticia\/imagens\/sila_band_novela_resumo_capitulo-150x112.jpg\" alt=\"sila_band_novela_resumo_capitulo\" width=\"150\" height=\"112\" srcset=\"https:\/\/migracao.redenoticia.com.br\/noticia\/imagens\/sila_band_novela_resumo_capitulo-150x112.jpg 150w, https:\/\/migracao.redenoticia.com.br\/noticia\/imagens\/sila_band_novela_resumo_capitulo-265x198.jpg 265w\" sizes=\"auto, (max-width: 150px) 100vw, 150px\" \/><strong><em> Novela \u201cSila\u201d resumo 13\/09<\/em><\/strong>: Ceren se encontra com Dilaver e diz que pretende reabrir um processo contra Berzan. Dilaver pede ajuda a Boran para processar Berzan. Enquanto isso, Berzan articula o sequestro de Bedirhan, mas \u00e9 amea\u00e7ado por um anci\u00e3o do cl\u00e3 que o faz mudar de ideia. A pol\u00edcia vai \u00e0 casa de Berzan e ele \u00e9 intimado a dar um novo depoimento \u00e0 justi\u00e7a. Dilaver e Ceren comemoram o proceeso contra Berzan e se beijam pela primeira vez.<\/p>\n<p>No capitulo 140 (*), novela \u201cSila\u201d, ter\u00e7a-feira, 13 de setembro &#8211; Dilaver pede ajuda a Boran para processar Berzan. Hussein desaparece e Ayse se preocupa. Berzan se aproxima perigosamente de Sila e Bedirhan. A esposa de Berzan prepara um quartinho de beb\u00ea. Narin come\u00e7a a sentir as dores do parto e vai para o hospital.<\/p>\n<p> Bedar recebe alta do hospital. A filha de Narin nasce e ela conversa com Azad o quarto. Berzan articula o sequestro de Bedirhan, mas \u00e9 amea\u00e7ado por um anci\u00e3o do cl\u00e3 que o faz mudar de ideia. Berzan fala por telefone com seus homens e sua esposa ouve a conversa. Em seguida, ela pergunta se a crian\u00e7a est\u00e1 a caminho. O vil\u00e3o n\u00e3o responde. A pol\u00edcia vai \u00e0 casa de Berzan e ele \u00e9 intimado a dar um novo depoimento \u00e0 justi\u00e7a. Dilaver e Ceren se beijam pela primeira vez.<\/p>\n<p> Berzan jura se vingar de Boran. Ayse tenta falar com Hussein mas ele vai embora e n\u00e3o atende as liga\u00e7\u00f5es. Berzan convida Esma para jantar e pede informa\u00e7\u00f5es sobre Sila e sua rotina. Sila pede que Boran fa\u00e7a algo para ajudar Ayse e Hussein. Ceren convida Dilaver para conhecer a fam\u00edlia dela. Narin vai para casa com a beb\u00ea e encontra os pais. Esma flagra Ceren e Dilaver de m\u00e3os dadas na empresa.<\/p>\n<p>(*) edi\u00e7\u00e3o da Band, Novela \u201cSila\u201d, sujeito a altera\u00e7\u00e3o de data e conte\u00fado.<\/p>\n","protected":false},"excerpt":{"rendered":"<p>Novela \u201cSila\u201d resumo 13\/09: Ceren se encontra com Dilaver e diz que pretende reabrir um processo contra Berzan. Dilaver pede ajuda a Boran para processar Berzan. Enquanto isso, Berzan articula o sequestro de Bedirhan, mas \u00e9 amea\u00e7ado por um anci\u00e3o do cl\u00e3 que o faz mudar de ideia. A pol\u00edcia vai \u00e0 casa de Berzan [&hellip;]<\/p>\n","protected":false},"author":2,"featured_media":83098,"comment_status":"open","ping_status":"closed","sticky":false,"template":"","format":"standard","meta":{"tdm_status":"","tdm_grid_status":"","footnotes":""},"categories":[390,379,343],"tags":[441],"class_list":{"0":"post-95121","1":"post","2":"type-post","3":"status-publish","4":"format-standard","5":"has-post-thumbnail","7":"category-band","8":"category-novelas","9":"category-televisao","10":"tag-resumo-do-dia"},"_links":{"self":[{"href":"https:\/\/migracao.redenoticia.com.br\/noticia\/wp-json\/wp\/v2\/posts\/95121","targetHints":{"allow":["GET"]}}],"collection":[{"href":"https:\/\/migracao.redenoticia.com.br\/noticia\/wp-json\/wp\/v2\/posts"}],"about":[{"href":"https:\/\/migracao.redenoticia.com.br\/noticia\/wp-json\/wp\/v2\/types\/post"}],"author":[{"embeddable":true,"href":"https:\/\/migracao.redenoticia.com.br\/noticia\/wp-json\/wp\/v2\/users\/2"}],"replies":[{"embeddable":true,"href":"https:\/\/migracao.redenoticia.com.br\/noticia\/wp-json\/wp\/v2\/comments?post=95121"}],"version-history":[{"count":0,"href":"https:\/\/migracao.redenoticia.com.br\/noticia\/wp-json\/wp\/v2\/posts\/95121\/revisions"}],"wp:featuredmedia":[{"embeddable":true,"href":"https:\/\/migracao.redenoticia.com.br\/noticia\/wp-json\/wp\/v2\/media\/83098"}],"wp:attachment":[{"href":"https:\/\/migracao.redenoticia.com.br\/noticia\/wp-json\/wp\/v2\/media?parent=95121"}],"wp:term":[{"taxonomy":"category","embeddable":true,"href":"https:\/\/migracao.redenoticia.com.br\/noticia\/wp-json\/wp\/v2\/categories?post=95121"},{"taxonomy":"post_tag","embeddable":true,"href":"https:\/\/migracao.redenoticia.com.br\/noticia\/wp-json\/wp\/v2\/tags?post=95121"}],"curies":[{"name":"wp","href":"https:\/\/api.w.org\/{rel}","templated":true}]}}