{"id":95132,"date":"2016-09-13T21:00:59","date_gmt":"2016-09-14T00:00:59","guid":{"rendered":"http:\/\/www.redenoticia.com.br\/noticia\/?p=95132"},"modified":"2016-09-13T17:07:28","modified_gmt":"2016-09-13T20:07:28","slug":"novela-velho-chico-resumo-1409-encarnacao-tem-um-mau-pressentimento-com-o-neto","status":"publish","type":"post","link":"https:\/\/migracao.redenoticia.com.br\/noticia\/2016\/novela-velho-chico-resumo-1409-encarnacao-tem-um-mau-pressentimento-com-o-neto\/95132","title":{"rendered":"Novela \u201cVelho Chico\u201d resumo 14\/09: Martim perde o controle da moto e cai na ribanceira"},"content":{"rendered":"<p><img loading=\"lazy\" decoding=\"async\" class=\"alignleft size-thumbnail wp-image-82169\" src=\"https:\/\/migracao.redenoticia.com.br\/noticia\/imagens\/velho_chico_novela_resumo_globo-150x112.jpg\" alt=\"velho_chico_novela_resumo_globo\" width=\"150\" height=\"112\" srcset=\"https:\/\/migracao.redenoticia.com.br\/noticia\/imagens\/velho_chico_novela_resumo_globo-150x112.jpg 150w, https:\/\/migracao.redenoticia.com.br\/noticia\/imagens\/velho_chico_novela_resumo_globo-265x198.jpg 265w\" sizes=\"auto, (max-width: 150px) 100vw, 150px\" \/><strong><em>Novela \u201cVelho Chico\u201d resumo 14\/09<\/em><\/strong>:\u00a0Carlos Eduardo fica desesperado ao descobrir que\u00a0Martim tem fotos que registram uma de suas tramoias e tamb\u00e9m um dossi\u00ea com documentos que o incriminam. Sem freios, o ex-deputado persegue o fotojornalista por uma estrada pacata e atira contra ele. Durante o momento de tens\u00e3o, Carlos joga o carro contra a moto do cunhado, que perde o controle e cai ribanceira abaixo. Preocupado que algu\u00e9m descubra seus crimes, o ex-deputado ainda queima os documentos. Neste mesmo momento, Encarna\u00e7\u00e3o tem um mau pressentimento com o neto. <\/p>\n<p>No cap\u00edtulo 159(*), novela \u201cVelho Chico\u201d, quarta-feira, 14 de setembro \u2013 Encarna\u00e7\u00e3o termina de tecer sua mortalha. Carlos persegue Martim por uma estrada sinuosa perto do Rio S\u00e3o Francisco. Carlos atira contra Martim e Encarna\u00e7\u00e3o tem um mau pressentimento com o neto.<\/p>\n<p>Carlos resgata o dossi\u00ea nos pertences de Martim. Afr\u00e2nio, Iolanda e Doninha tentam entrar no quarto de Encarna\u00e7\u00e3o. C\u00edcero estranha o comportamento de Carlos ao voltar para casa. Encarna\u00e7\u00e3o reza na capela da fazenda. <\/p>\n<p>Afr\u00e2nio teme o sucesso do projeto de Santo. Iolanda pede ajuda a Padre Ben\u00edcio e Tereza se preocupa com a av\u00f3. Queiroz avisa a Carlos que conseguiu se desfazer da moto de Martim.<\/p>\n<p>(*) edi\u00e7\u00e3o da Rede Globo, Novela \u201cVelho Chico\u201d, sujeito a altera\u00e7\u00e3o de data e conte\u00fado.<\/p>\n","protected":false},"excerpt":{"rendered":"<p>Novela \u201cVelho Chico\u201d resumo 14\/09:\u00a0Carlos Eduardo fica desesperado ao descobrir que\u00a0Martim tem fotos que registram uma de suas tramoias e tamb\u00e9m um dossi\u00ea com documentos que o incriminam. Sem freios, o ex-deputado persegue o fotojornalista por uma estrada pacata e atira contra ele. Durante o momento de tens\u00e3o, Carlos joga o carro contra a moto [&hellip;]<\/p>\n","protected":false},"author":4,"featured_media":82169,"comment_status":"open","ping_status":"closed","sticky":false,"template":"","format":"standard","meta":{"tdm_status":"","tdm_grid_status":"","footnotes":""},"categories":[379,375,343],"tags":[441],"class_list":{"0":"post-95132","1":"post","2":"type-post","3":"status-publish","4":"format-standard","5":"has-post-thumbnail","7":"category-novelas","8":"category-rede-globo","9":"category-televisao","10":"tag-resumo-do-dia"},"_links":{"self":[{"href":"https:\/\/migracao.redenoticia.com.br\/noticia\/wp-json\/wp\/v2\/posts\/95132","targetHints":{"allow":["GET"]}}],"collection":[{"href":"https:\/\/migracao.redenoticia.com.br\/noticia\/wp-json\/wp\/v2\/posts"}],"about":[{"href":"https:\/\/migracao.redenoticia.com.br\/noticia\/wp-json\/wp\/v2\/types\/post"}],"author":[{"embeddable":true,"href":"https:\/\/migracao.redenoticia.com.br\/noticia\/wp-json\/wp\/v2\/users\/4"}],"replies":[{"embeddable":true,"href":"https:\/\/migracao.redenoticia.com.br\/noticia\/wp-json\/wp\/v2\/comments?post=95132"}],"version-history":[{"count":0,"href":"https:\/\/migracao.redenoticia.com.br\/noticia\/wp-json\/wp\/v2\/posts\/95132\/revisions"}],"wp:featuredmedia":[{"embeddable":true,"href":"https:\/\/migracao.redenoticia.com.br\/noticia\/wp-json\/wp\/v2\/media\/82169"}],"wp:attachment":[{"href":"https:\/\/migracao.redenoticia.com.br\/noticia\/wp-json\/wp\/v2\/media?parent=95132"}],"wp:term":[{"taxonomy":"category","embeddable":true,"href":"https:\/\/migracao.redenoticia.com.br\/noticia\/wp-json\/wp\/v2\/categories?post=95132"},{"taxonomy":"post_tag","embeddable":true,"href":"https:\/\/migracao.redenoticia.com.br\/noticia\/wp-json\/wp\/v2\/tags?post=95132"}],"curies":[{"name":"wp","href":"https:\/\/api.w.org\/{rel}","templated":true}]}}