{"id":95136,"date":"2016-09-13T18:10:59","date_gmt":"2016-09-13T21:10:59","guid":{"rendered":"http:\/\/www.redenoticia.com.br\/noticia\/?p=95136"},"modified":"2016-09-13T15:25:24","modified_gmt":"2016-09-13T18:25:24","slug":"novela-sol-nascente-resumo-1409-carol-vai-se-aproximar-e-seduzir-mario","status":"publish","type":"post","link":"https:\/\/migracao.redenoticia.com.br\/noticia\/2016\/novela-sol-nascente-resumo-1409-carol-vai-se-aproximar-e-seduzir-mario\/95136","title":{"rendered":"Novela \u201cSol Nascente\u201d resumo 14\/09:\u00a0Cesar conhece Carolina"},"content":{"rendered":"<p><img loading=\"lazy\" decoding=\"async\" class=\"alignleft size-thumbnail wp-image-91714\" src=\"https:\/\/migracao.redenoticia.com.br\/noticia\/imagens\/sol_nascente_resumo_novela_globo-150x112.jpg\" alt=\"sol_nascente_resumo_novela_globo\" width=\"150\" height=\"112\" srcset=\"https:\/\/migracao.redenoticia.com.br\/noticia\/imagens\/sol_nascente_resumo_novela_globo-150x112.jpg 150w, https:\/\/migracao.redenoticia.com.br\/noticia\/imagens\/sol_nascente_resumo_novela_globo-265x198.jpg 265w\" sizes=\"auto, (max-width: 150px) 100vw, 150px\" \/><strong><em>Novela \u201cSol Nascente\u201d resumo 14\/09<\/em><\/strong>:\u00a0Carolina \u00e9 filha de Ana. Ela resolve voltar para a cidade de Arraial do Sol Nascente e Patrick n\u00e3o gosta de saber que ela pretende morar na pousada, com ele e Ana. Carolina chega \u00e0 pousada e Patrick se apressa para sair. Mais tarde, Cesar e Carolina se conhecem e se interessam um pelo outro. C\u00e9sar vai ter em Carol a aliada para colocar seu plano em pr\u00e1tica, que \u00e9 conquistar de vez o amor de Alice. <\/p>\n<p>No cap\u00edtulo 014(*), novela \u201cSol Nascente\u201d, quarta-feira, 14 de setembro \u2013 Alice comemora o reencontro com Chica e Mario fica emocionado. Cesar decide conversar com Tanaka. Chica se preocupa com Alice. Mario obriga Milena a sair com as amigas. Ralf leva um fora de Hir\u00f4 e Lenita implica com o irm\u00e3o.<\/p>\n<p>Patrick n\u00e3o gosta de saber que Carolina pretende morar na pousada com ele e Ana. Milena fica insegura ao chegar na praia e foge de Lenita ao v\u00ea-la se aproximar. Cesar questiona Alice sobre seus sentimentos por Mario. Geppina e Gaetano mostram fotos antigas para Peppino. Mario conforta Milena.<\/p>\n<p>Carolina chega \u00e0 pousada e Patrick se apressa para sair. Mario sonda Alice sobre sua conversa com Chica. Cesar e Carolina se interessam um pelo outro.<\/p>\n<p>(*) edi\u00e7\u00e3o da Rede Globo, Novela \u201cSol Nascente\u201d, sujeito a altera\u00e7\u00e3o de data e conte\u00fado.<\/p>\n","protected":false},"excerpt":{"rendered":"<p>Novela \u201cSol Nascente\u201d resumo 14\/09:\u00a0Carolina \u00e9 filha de Ana. Ela resolve voltar para a cidade de Arraial do Sol Nascente e Patrick n\u00e3o gosta de saber que ela pretende morar na pousada, com ele e Ana. Carolina chega \u00e0 pousada e Patrick se apressa para sair. Mais tarde, Cesar e Carolina se conhecem e se [&hellip;]<\/p>\n","protected":false},"author":4,"featured_media":91714,"comment_status":"open","ping_status":"closed","sticky":false,"template":"","format":"standard","meta":{"tdm_status":"","tdm_grid_status":"","footnotes":""},"categories":[379,375,343],"tags":[441],"class_list":{"0":"post-95136","1":"post","2":"type-post","3":"status-publish","4":"format-standard","5":"has-post-thumbnail","7":"category-novelas","8":"category-rede-globo","9":"category-televisao","10":"tag-resumo-do-dia"},"_links":{"self":[{"href":"https:\/\/migracao.redenoticia.com.br\/noticia\/wp-json\/wp\/v2\/posts\/95136","targetHints":{"allow":["GET"]}}],"collection":[{"href":"https:\/\/migracao.redenoticia.com.br\/noticia\/wp-json\/wp\/v2\/posts"}],"about":[{"href":"https:\/\/migracao.redenoticia.com.br\/noticia\/wp-json\/wp\/v2\/types\/post"}],"author":[{"embeddable":true,"href":"https:\/\/migracao.redenoticia.com.br\/noticia\/wp-json\/wp\/v2\/users\/4"}],"replies":[{"embeddable":true,"href":"https:\/\/migracao.redenoticia.com.br\/noticia\/wp-json\/wp\/v2\/comments?post=95136"}],"version-history":[{"count":0,"href":"https:\/\/migracao.redenoticia.com.br\/noticia\/wp-json\/wp\/v2\/posts\/95136\/revisions"}],"wp:featuredmedia":[{"embeddable":true,"href":"https:\/\/migracao.redenoticia.com.br\/noticia\/wp-json\/wp\/v2\/media\/91714"}],"wp:attachment":[{"href":"https:\/\/migracao.redenoticia.com.br\/noticia\/wp-json\/wp\/v2\/media?parent=95136"}],"wp:term":[{"taxonomy":"category","embeddable":true,"href":"https:\/\/migracao.redenoticia.com.br\/noticia\/wp-json\/wp\/v2\/categories?post=95136"},{"taxonomy":"post_tag","embeddable":true,"href":"https:\/\/migracao.redenoticia.com.br\/noticia\/wp-json\/wp\/v2\/tags?post=95136"}],"curies":[{"name":"wp","href":"https:\/\/api.w.org\/{rel}","templated":true}]}}