{"id":95138,"date":"2016-09-13T17:50:25","date_gmt":"2016-09-13T20:50:25","guid":{"rendered":"http:\/\/www.redenoticia.com.br\/noticia\/?p=95138"},"modified":"2016-09-13T15:20:43","modified_gmt":"2016-09-13T18:20:43","slug":"novela-malhacao-resumo-1409-joana-confessa-a-tania-que-desconfia-que-caio-seja-seu-verdadeiro-pai","status":"publish","type":"post","link":"https:\/\/migracao.redenoticia.com.br\/noticia\/2016\/novela-malhacao-resumo-1409-joana-confessa-a-tania-que-desconfia-que-caio-seja-seu-verdadeiro-pai\/95138","title":{"rendered":"Novela \u201cMalha\u00e7\u00e3o\u201d resumo 14\/09: Caio investiga a origem de Joana"},"content":{"rendered":"<p><img loading=\"lazy\" decoding=\"async\" class=\"alignleft size-thumbnail wp-image-91715\" src=\"https:\/\/migracao.redenoticia.com.br\/noticia\/imagens\/malhacao_pro_dia_nascer_feliz_resumo_novela-150x112.jpg\" alt=\"malhacao_pro_dia_nascer_feliz_resumo_novela\" width=\"150\" height=\"112\" srcset=\"https:\/\/migracao.redenoticia.com.br\/noticia\/imagens\/malhacao_pro_dia_nascer_feliz_resumo_novela-150x112.jpg 150w, https:\/\/migracao.redenoticia.com.br\/noticia\/imagens\/malhacao_pro_dia_nascer_feliz_resumo_novela-265x198.jpg 265w\" sizes=\"auto, (max-width: 150px) 100vw, 150px\" \/><strong><em>Novela \u201cMalha\u00e7\u00e3o\u201d resumo 14\/09<\/em><\/strong>:\u00a0Caio se surpreende ao descobrir a cidade natal de Joana e, em seguida, resolve mexer na ficha profissional dela, que est\u00e1 preenchida nos arquivos da academia. Ele fica chocado ao deduzir que Joana \u00e9 filha de Carmem, uma antiga amiga. Depois, Joana confessa a T\u00e2nia que desconfia que Caio seja seu verdadeiro pai.<\/p>\n<p>No cap\u00edtulo 018(*), novela \u201cMalha\u00e7\u00e3o\u201d, quarta-feira, 14 de setembro \u2013 Joana diz a T\u00e2nia que deseja que Ricardo se orgulhe dela. B\u00e1rbara e Gabriel contam a Irene e Jorj\u00e3o sobre o noivado. Belloto tenta se aproximar de J\u00e9ssica. Ricardo permite que B\u00e1rbara promova uma festa de noivado na Forma.<\/p>\n<p>B\u00e1rbara parabeniza Joana pelo sucesso da iniciativa na academia. Caio se surpreende ao descobrir a cidade natal de Joana. Martinha vence a batalha de rap. R\u00f4mulo beija Nanda.<\/p>\n<p>Luiza flagra T\u00e2nia e Ricardo discutindo por causa dos filhos. Caio deduz que Joana \u00e9 filha de Carmem.<\/p>\n<p>(*) edi\u00e7\u00e3o da Rede Globo, Novela \u201cMalha\u00e7\u00e3o\u201d, sujeito a altera\u00e7\u00e3o de data e conte\u00fado.<\/p>\n","protected":false},"excerpt":{"rendered":"<p>Novela \u201cMalha\u00e7\u00e3o\u201d resumo 14\/09:\u00a0Caio se surpreende ao descobrir a cidade natal de Joana e, em seguida, resolve mexer na ficha profissional dela, que est\u00e1 preenchida nos arquivos da academia. Ele fica chocado ao deduzir que Joana \u00e9 filha de Carmem, uma antiga amiga. Depois, Joana confessa a T\u00e2nia que desconfia que Caio seja seu verdadeiro [&hellip;]<\/p>\n","protected":false},"author":4,"featured_media":91715,"comment_status":"open","ping_status":"closed","sticky":false,"template":"","format":"standard","meta":{"tdm_status":"","tdm_grid_status":"","footnotes":""},"categories":[447,379,375,343],"tags":[441],"class_list":{"0":"post-95138","1":"post","2":"type-post","3":"status-publish","4":"format-standard","5":"has-post-thumbnail","7":"category-malhacao","8":"category-novelas","9":"category-rede-globo","10":"category-televisao","11":"tag-resumo-do-dia"},"_links":{"self":[{"href":"https:\/\/migracao.redenoticia.com.br\/noticia\/wp-json\/wp\/v2\/posts\/95138","targetHints":{"allow":["GET"]}}],"collection":[{"href":"https:\/\/migracao.redenoticia.com.br\/noticia\/wp-json\/wp\/v2\/posts"}],"about":[{"href":"https:\/\/migracao.redenoticia.com.br\/noticia\/wp-json\/wp\/v2\/types\/post"}],"author":[{"embeddable":true,"href":"https:\/\/migracao.redenoticia.com.br\/noticia\/wp-json\/wp\/v2\/users\/4"}],"replies":[{"embeddable":true,"href":"https:\/\/migracao.redenoticia.com.br\/noticia\/wp-json\/wp\/v2\/comments?post=95138"}],"version-history":[{"count":0,"href":"https:\/\/migracao.redenoticia.com.br\/noticia\/wp-json\/wp\/v2\/posts\/95138\/revisions"}],"wp:featuredmedia":[{"embeddable":true,"href":"https:\/\/migracao.redenoticia.com.br\/noticia\/wp-json\/wp\/v2\/media\/91715"}],"wp:attachment":[{"href":"https:\/\/migracao.redenoticia.com.br\/noticia\/wp-json\/wp\/v2\/media?parent=95138"}],"wp:term":[{"taxonomy":"category","embeddable":true,"href":"https:\/\/migracao.redenoticia.com.br\/noticia\/wp-json\/wp\/v2\/categories?post=95138"},{"taxonomy":"post_tag","embeddable":true,"href":"https:\/\/migracao.redenoticia.com.br\/noticia\/wp-json\/wp\/v2\/tags?post=95138"}],"curies":[{"name":"wp","href":"https:\/\/api.w.org\/{rel}","templated":true}]}}