{"id":95140,"date":"2016-09-13T17:10:05","date_gmt":"2016-09-13T20:10:05","guid":{"rendered":"http:\/\/www.redenoticia.com.br\/noticia\/?p=95140"},"modified":"2016-09-13T14:57:01","modified_gmt":"2016-09-13T17:57:01","slug":"novela-anjo-mau-resumo-1409-rodrigo-decide-ir-ao-rio-buscar-informacoes","status":"publish","type":"post","link":"https:\/\/migracao.redenoticia.com.br\/noticia\/2016\/novela-anjo-mau-resumo-1409-rodrigo-decide-ir-ao-rio-buscar-informacoes\/95140","title":{"rendered":"Novela \u201cAnjo Mau\u201d resumo 14\/09: Rui \u00e9 informado que Carl\u00e3o foi morto num assalto"},"content":{"rendered":"<p><img loading=\"lazy\" decoding=\"async\" class=\"alignleft size-thumbnail wp-image-83094\" src=\"https:\/\/migracao.redenoticia.com.br\/noticia\/imagens\/anjo_mau_novela_resumo-150x112.jpg\" alt=\"anjo_mau_novela_resumo\" width=\"150\" height=\"112\" srcset=\"https:\/\/migracao.redenoticia.com.br\/noticia\/imagens\/anjo_mau_novela_resumo-150x112.jpg 150w, https:\/\/migracao.redenoticia.com.br\/noticia\/imagens\/anjo_mau_novela_resumo-265x198.jpg 265w\" sizes=\"auto, (max-width: 150px) 100vw, 150px\" \/><strong><em>Novela \u201cAnjo Mau\u201d resumo 14\/09<\/em><\/strong>:\u00a0Paula amea\u00e7a atormentar Rodrigo e Nice chega. Nice n\u00e3o suporta mais as atitudes e amea\u00e7as da rival, a agride e depois discute com Rodrigo. Ele demonstra paci\u00eancia e jura a Nice que n\u00e3o ama Paula. Mais tarde, Rui \u00e9 informado que Carl\u00e3o foi morto num assalto, mas que a noiva se salvou. Rodrigo decide ir ao Rio buscar informa\u00e7\u00f5es e Nice avisa que vai com ele. <\/p>\n<p>No cap\u00edtulo 117(*), novela \u201cAnjo Mau\u201d, quarta-feira, 14 de setembro \u2013 Nice agride Paula e depois discute com Rodrigo. Teresa dep\u00f5e na delegacia e conta tudo o que sabe sobre as falcatruas do marido.<\/p>\n<p>Rodrigo jura a Nice que n\u00e3o ama mais Paula. Rui fica sabendo que Carl\u00e3o foi morto num assalto, mas que a noiva se salvou. Rodrigo decide ir ao Rio buscar informa\u00e7\u00f5es e Nice avisa que vai com ele.<\/p>\n<p>Rodrigo viaja sozinho escondido de Nice.<\/p>\n<p>(*) edi\u00e7\u00e3o da Rede Globo, Novela \u201cAnjo Mau\u201d, sujeito a altera\u00e7\u00e3o de data e conte\u00fado.<\/p>\n","protected":false},"excerpt":{"rendered":"<p>Novela \u201cAnjo Mau\u201d resumo 14\/09:\u00a0Paula amea\u00e7a atormentar Rodrigo e Nice chega. Nice n\u00e3o suporta mais as atitudes e amea\u00e7as da rival, a agride e depois discute com Rodrigo. Ele demonstra paci\u00eancia e jura a Nice que n\u00e3o ama Paula. Mais tarde, Rui \u00e9 informado que Carl\u00e3o foi morto num assalto, mas que a noiva se [&hellip;]<\/p>\n","protected":false},"author":4,"featured_media":83094,"comment_status":"open","ping_status":"closed","sticky":false,"template":"","format":"standard","meta":{"tdm_status":"","tdm_grid_status":"","footnotes":""},"categories":[379,375,343],"tags":[441],"class_list":{"0":"post-95140","1":"post","2":"type-post","3":"status-publish","4":"format-standard","5":"has-post-thumbnail","7":"category-novelas","8":"category-rede-globo","9":"category-televisao","10":"tag-resumo-do-dia"},"_links":{"self":[{"href":"https:\/\/migracao.redenoticia.com.br\/noticia\/wp-json\/wp\/v2\/posts\/95140","targetHints":{"allow":["GET"]}}],"collection":[{"href":"https:\/\/migracao.redenoticia.com.br\/noticia\/wp-json\/wp\/v2\/posts"}],"about":[{"href":"https:\/\/migracao.redenoticia.com.br\/noticia\/wp-json\/wp\/v2\/types\/post"}],"author":[{"embeddable":true,"href":"https:\/\/migracao.redenoticia.com.br\/noticia\/wp-json\/wp\/v2\/users\/4"}],"replies":[{"embeddable":true,"href":"https:\/\/migracao.redenoticia.com.br\/noticia\/wp-json\/wp\/v2\/comments?post=95140"}],"version-history":[{"count":0,"href":"https:\/\/migracao.redenoticia.com.br\/noticia\/wp-json\/wp\/v2\/posts\/95140\/revisions"}],"wp:featuredmedia":[{"embeddable":true,"href":"https:\/\/migracao.redenoticia.com.br\/noticia\/wp-json\/wp\/v2\/media\/83094"}],"wp:attachment":[{"href":"https:\/\/migracao.redenoticia.com.br\/noticia\/wp-json\/wp\/v2\/media?parent=95140"}],"wp:term":[{"taxonomy":"category","embeddable":true,"href":"https:\/\/migracao.redenoticia.com.br\/noticia\/wp-json\/wp\/v2\/categories?post=95140"},{"taxonomy":"post_tag","embeddable":true,"href":"https:\/\/migracao.redenoticia.com.br\/noticia\/wp-json\/wp\/v2\/tags?post=95140"}],"curies":[{"name":"wp","href":"https:\/\/api.w.org\/{rel}","templated":true}]}}