{"id":95142,"date":"2016-09-13T20:25:02","date_gmt":"2016-09-13T23:25:02","guid":{"rendered":"http:\/\/www.redenoticia.com.br\/noticia\/?p=95142"},"modified":"2016-09-13T15:43:37","modified_gmt":"2016-09-13T18:43:37","slug":"novela-chiquititas-resumo-1409-junior-conversa-com-valentina","status":"publish","type":"post","link":"https:\/\/migracao.redenoticia.com.br\/noticia\/2016\/novela-chiquititas-resumo-1409-junior-conversa-com-valentina\/95142","title":{"rendered":"Novela \u201cChiquititas\u201d resumo 14\/09: Junior se preocupa com Gabriela"},"content":{"rendered":"<p><img loading=\"lazy\" decoding=\"async\" class=\"alignleft size-thumbnail wp-image-57144\" src=\"http:\/\/cdn.redenoticia.com.br\/noticia\/imagens\/\/2014\/08\/chiquititas-resumo-novela-sbt-150x150.png\" alt=\"chiquititas-resumo-novela-sbt\" width=\"112\" height=\"112\" \/><strong><em>Novela \u201cChiquititas\u201d resumo 14\/09<\/em><\/strong>:\u00a0Junior conversa com Jos\u00e9 e exige uma explica\u00e7\u00e3o sobre o estado de sa\u00fade de Gabriela. Jos\u00e9 Ricardo explica a situa\u00e7\u00e3o, mas diz que a ida dele pra Londres piorou tudo. Junior fica inconformado e diz que \u00e9 mentira deles, pois trocou e-mails com a irm\u00e3 h\u00e1 pouco tempo. Jos\u00e9 Ricardo diz que isso \u00e9 imposs\u00edvel, pois ela \u00e9 quase uma invalida. Junior questiona porque ningu\u00e9m lhe avisou antes. No meio da discuss\u00e3o Gabriela aparece agitada e Carmen lhe acompanha de volta ao quarto. Junior diz que n\u00e3o vai ficar quieto enquanto n\u00e3o descobrir quem est\u00e1 por tr\u00e1s de tudo isso e Gabriela voltar a ser igual antes. Depois, Jos\u00e9 Ricardo conversa com Carmen, que assume ter enviado os e-mails. Carmen pede segredo e diz que j\u00e1 escondem tanta coisa de Junior, que um a mais n\u00e3o tem problema. Junior conversa com Valentina e pergunta h\u00e1 quanto tempo Gabriela est\u00e1 assim. Ela explica que h\u00e1 bastante tempo. <\/p>\n<p>No cap\u00edtulo 003(*), novela \u201cChiquititas\u201d, quarta-feira, 14 de setembro \u2013 na mans\u00e3o dos Almeida Campos, Junior exige uma explica\u00e7\u00e3o sobre o estado de sa\u00fade de Gabriela para o pai. Jos\u00e9 Ricardo explica a situa\u00e7\u00e3o, mas diz que a ida dele pra Londres piorou tudo. Junior fica inconformado e diz que \u00e9 mentira deles, pois trocou e-mails com a irm\u00e3 h\u00e1 pouco tempo. Jos\u00e9 Ricardo diz que isso \u00e9 imposs\u00edvel, pois ela \u00e9 quase uma invalida. Junior questiona porque ningu\u00e9m lhe avisou antes. No meio da discuss\u00e3o Gabriela aparece agitada e Carmen lhe acompanha de volta ao quarto.<\/p>\n<p>Junior diz que n\u00e3o vai ficar quieto enquanto n\u00e3o descobrir quem est\u00e1 por tr\u00e1s de tudo isso e Gabriela voltar a ser igual antes. No quarto das meninas, no orfanato, Mili continua a contar a hist\u00f3ria da princesa e do plebeu. As crian\u00e7as acabam dormindo e Mili promete terminar na pr\u00f3xima noite. Jos\u00e9 Ricardo conversa com Carmen, que assume ter enviado os e-mails. Carmen pede segredo e diz que j\u00e1 escondem tanta coisa de Junior, que um a mais n\u00e3o tem problema. As crian\u00e7as se aprontam para ir ao col\u00e9gio. Jos\u00e9 Ricardo vai at\u00e9 a loja Caf\u00e9 Boutique com seu bra\u00e7o direito, Armando (Jo\u00e3o Gabriel). Os dois falam sobre Junior e os neg\u00f3cios da rede Caf\u00e9 Boutique.<\/p>\n<p>Carol chega para atend\u00ea-los e chama a aten\u00e7\u00e3o de Armando. Na mans\u00e3o, enquanto toma caf\u00e9, Junior pergunta para Valentina h\u00e1 quanto tempo Gabriela est\u00e1 assim. Ela explica que h\u00e1 bastante tempo. Pata, Mosca, Rafa e Binho mudam de ponto na rua, ap\u00f3s um menino chamado Pa\u00e7oca (Rafael Miguel) expuls\u00e1-los de l\u00e1 com a justificativa de que \u00e9 uma \u00e1rea comandada por ele. As crian\u00e7as j\u00e1 est\u00e3o de volta ao orfanato e conversam com Sofia enquanto fazem a li\u00e7\u00e3o de casa. Junior chega no orfanato para falar em particular com a diretora. Junior pergunta o que levou seu pai a manter um orfanato. Sofia diz que ele deve ter sido motivado por assuntos pessoais. Junior est\u00e1 inconformado e n\u00e3o aguenta mais a falta de informa\u00e7\u00e3o sobre tudo.<\/p>\n<p>(*) edi\u00e7\u00e3o do SBT, Novela \u201cChiquititas\u201d, sujeito a altera\u00e7\u00e3o de data e conte\u00fado.<\/p>\n","protected":false},"excerpt":{"rendered":"<p>Novela \u201cChiquititas\u201d resumo 14\/09:\u00a0Junior conversa com Jos\u00e9 e exige uma explica\u00e7\u00e3o sobre o estado de sa\u00fade de Gabriela. Jos\u00e9 Ricardo explica a situa\u00e7\u00e3o, mas diz que a ida dele pra Londres piorou tudo. Junior fica inconformado e diz que \u00e9 mentira deles, pois trocou e-mails com a irm\u00e3 h\u00e1 pouco tempo. Jos\u00e9 Ricardo diz que [&hellip;]<\/p>\n","protected":false},"author":4,"featured_media":49690,"comment_status":"open","ping_status":"closed","sticky":false,"template":"","format":"standard","meta":{"tdm_status":"","tdm_grid_status":"","footnotes":""},"categories":[409,379,372,343],"tags":[441],"class_list":{"0":"post-95142","1":"post","2":"type-post","3":"status-publish","4":"format-standard","5":"has-post-thumbnail","7":"category-chiquititas","8":"category-novelas","9":"category-sbt","10":"category-televisao","11":"tag-resumo-do-dia"},"_links":{"self":[{"href":"https:\/\/migracao.redenoticia.com.br\/noticia\/wp-json\/wp\/v2\/posts\/95142","targetHints":{"allow":["GET"]}}],"collection":[{"href":"https:\/\/migracao.redenoticia.com.br\/noticia\/wp-json\/wp\/v2\/posts"}],"about":[{"href":"https:\/\/migracao.redenoticia.com.br\/noticia\/wp-json\/wp\/v2\/types\/post"}],"author":[{"embeddable":true,"href":"https:\/\/migracao.redenoticia.com.br\/noticia\/wp-json\/wp\/v2\/users\/4"}],"replies":[{"embeddable":true,"href":"https:\/\/migracao.redenoticia.com.br\/noticia\/wp-json\/wp\/v2\/comments?post=95142"}],"version-history":[{"count":0,"href":"https:\/\/migracao.redenoticia.com.br\/noticia\/wp-json\/wp\/v2\/posts\/95142\/revisions"}],"wp:featuredmedia":[{"embeddable":true,"href":"https:\/\/migracao.redenoticia.com.br\/noticia\/wp-json\/wp\/v2\/media\/49690"}],"wp:attachment":[{"href":"https:\/\/migracao.redenoticia.com.br\/noticia\/wp-json\/wp\/v2\/media?parent=95142"}],"wp:term":[{"taxonomy":"category","embeddable":true,"href":"https:\/\/migracao.redenoticia.com.br\/noticia\/wp-json\/wp\/v2\/categories?post=95142"},{"taxonomy":"post_tag","embeddable":true,"href":"https:\/\/migracao.redenoticia.com.br\/noticia\/wp-json\/wp\/v2\/tags?post=95142"}],"curies":[{"name":"wp","href":"https:\/\/api.w.org\/{rel}","templated":true}]}}