{"id":95144,"date":"2016-09-13T20:15:20","date_gmt":"2016-09-13T23:15:20","guid":{"rendered":"http:\/\/www.redenoticia.com.br\/noticia\/?p=95144"},"modified":"2016-09-13T15:40:39","modified_gmt":"2016-09-13T18:40:39","slug":"novela-cumplices-de-um-resgate-resumo-1409-andre-conversa-com-paola","status":"publish","type":"post","link":"https:\/\/migracao.redenoticia.com.br\/noticia\/2016\/novela-cumplices-de-um-resgate-resumo-1409-andre-conversa-com-paola\/95144","title":{"rendered":"Novela \u201cC\u00famplices de um Resgate\u201d resumo 14\/09: Andr\u00e9 conversa com Paola"},"content":{"rendered":"<p><img loading=\"lazy\" decoding=\"async\" class=\"alignleft size-thumbnail wp-image-71351\" src=\"https:\/\/migracao.redenoticia.com.br\/noticia\/imagens\/cumplices_de_um_resgate_sbt_novela_resumo-150x112.jpg\" alt=\"cumplices_de_um_resgate_sbt_novela_resumo\" width=\"150\" height=\"112\" srcset=\"https:\/\/migracao.redenoticia.com.br\/noticia\/imagens\/cumplices_de_um_resgate_sbt_novela_resumo-150x112.jpg 150w, https:\/\/migracao.redenoticia.com.br\/noticia\/imagens\/cumplices_de_um_resgate_sbt_novela_resumo-265x198.jpg 265w\" sizes=\"auto, (max-width: 150px) 100vw, 150px\" \/><strong><em>Novela \u201cC\u00famplices de um Resgate\u201d resumo 14\/09<\/em><\/strong>:\u00a0Andr\u00e9 est\u00e1 sem muito dinheiro e preocupado com as contas. Ele resolve ir \u00e0 gravadora concorrente em busca de um novo trabalho, em outra banda e, assim, conseguir dinheiro para ajudar sua fam\u00edlia. Durante a visita, Andr\u00e9 conversa com Paola que, na verdade, \u00e9 a vil\u00e3 Regina disfar\u00e7ada. Ela \u00e9 a dona da nova gravadora.   <\/p>\n<p>No cap\u00edtulo 293(*), novela \u201cC\u00famplice de um Resgate\u201d, quarta-feira, 14 de setembro \u2013 os C1R voltam para casa. Manuela est\u00e1 triste por n\u00e3o saber o motivo de Joaquim estar afastado dela. Priscila diz para Arthur ser machista e falar de futebol para conquistar seus av\u00f3s. Arthur conta para Safira o que aconteceu.<\/p>\n<p>Lola chora e conta para os irm\u00e3os Vaz que Alicia e Vicente podem se separar. Safira chama a aten\u00e7\u00e3o de Priscila. Andr\u00e9 vai at\u00e9 a gravadora concorrente para tentar trabalhar em uma nova banda e assim conseguir dinheiro para ajudar sua fam\u00edlia. Isabela conta para Marina que ir\u00e1 morar com a fam\u00edlia no vilarejo.<\/p>\n<p>Andr\u00e9 conversa com Paola, que na verdade \u00e9 Regina, a dona da gravadora. Isabela decide que ir\u00e1 alugar a mans\u00e3o. Alicia faz as malas de Vicente e diz para ele sair de casa. Arthur beija Safira.<\/p>\n<p>(*) edi\u00e7\u00e3o do SBT, Novela \u201cC\u00famplices de um Resgate\u201d, sujeito a altera\u00e7\u00e3o de data e conte\u00fado.<\/p>\n","protected":false},"excerpt":{"rendered":"<p>Novela \u201cC\u00famplices de um Resgate\u201d resumo 14\/09:\u00a0Andr\u00e9 est\u00e1 sem muito dinheiro e preocupado com as contas. Ele resolve ir \u00e0 gravadora concorrente em busca de um novo trabalho, em outra banda e, assim, conseguir dinheiro para ajudar sua fam\u00edlia. Durante a visita, Andr\u00e9 conversa com Paola que, na verdade, \u00e9 a vil\u00e3 Regina disfar\u00e7ada. Ela [&hellip;]<\/p>\n","protected":false},"author":4,"featured_media":71351,"comment_status":"open","ping_status":"closed","sticky":false,"template":"","format":"standard","meta":{"tdm_status":"","tdm_grid_status":"","footnotes":""},"categories":[379,372,343],"tags":[441],"class_list":{"0":"post-95144","1":"post","2":"type-post","3":"status-publish","4":"format-standard","5":"has-post-thumbnail","7":"category-novelas","8":"category-sbt","9":"category-televisao","10":"tag-resumo-do-dia"},"_links":{"self":[{"href":"https:\/\/migracao.redenoticia.com.br\/noticia\/wp-json\/wp\/v2\/posts\/95144","targetHints":{"allow":["GET"]}}],"collection":[{"href":"https:\/\/migracao.redenoticia.com.br\/noticia\/wp-json\/wp\/v2\/posts"}],"about":[{"href":"https:\/\/migracao.redenoticia.com.br\/noticia\/wp-json\/wp\/v2\/types\/post"}],"author":[{"embeddable":true,"href":"https:\/\/migracao.redenoticia.com.br\/noticia\/wp-json\/wp\/v2\/users\/4"}],"replies":[{"embeddable":true,"href":"https:\/\/migracao.redenoticia.com.br\/noticia\/wp-json\/wp\/v2\/comments?post=95144"}],"version-history":[{"count":0,"href":"https:\/\/migracao.redenoticia.com.br\/noticia\/wp-json\/wp\/v2\/posts\/95144\/revisions"}],"wp:featuredmedia":[{"embeddable":true,"href":"https:\/\/migracao.redenoticia.com.br\/noticia\/wp-json\/wp\/v2\/media\/71351"}],"wp:attachment":[{"href":"https:\/\/migracao.redenoticia.com.br\/noticia\/wp-json\/wp\/v2\/media?parent=95144"}],"wp:term":[{"taxonomy":"category","embeddable":true,"href":"https:\/\/migracao.redenoticia.com.br\/noticia\/wp-json\/wp\/v2\/categories?post=95144"},{"taxonomy":"post_tag","embeddable":true,"href":"https:\/\/migracao.redenoticia.com.br\/noticia\/wp-json\/wp\/v2\/tags?post=95144"}],"curies":[{"name":"wp","href":"https:\/\/api.w.org\/{rel}","templated":true}]}}