{"id":95149,"date":"2016-09-13T17:15:35","date_gmt":"2016-09-13T20:15:35","guid":{"rendered":"http:\/\/www.redenoticia.com.br\/noticia\/?p=95149"},"modified":"2016-09-13T14:59:36","modified_gmt":"2016-09-13T17:59:36","slug":"novela-abismo-da-paixao-resumo-1409-gael-e-elisa-estao-se-casando-quando-damiao-chega-para-impedi-los","status":"publish","type":"post","link":"https:\/\/migracao.redenoticia.com.br\/noticia\/2016\/novela-abismo-da-paixao-resumo-1409-gael-e-elisa-estao-se-casando-quando-damiao-chega-para-impedi-los\/95149","title":{"rendered":"Novela \u201cAbismo da Paix\u00e3o\u201d resumo 14\/09: Dami\u00e3o amea\u00e7a Gael com um revolver"},"content":{"rendered":"<p><img loading=\"lazy\" decoding=\"async\" class=\"alignleft size-thumbnail wp-image-81978\" src=\"https:\/\/migracao.redenoticia.com.br\/noticia\/imagens\/abismo_de_paixao_sbt_resumo_novela-150x112.jpg\" alt=\"abismo_de_paixao_sbt_resumo_novela\" width=\"150\" height=\"112\" srcset=\"https:\/\/migracao.redenoticia.com.br\/noticia\/imagens\/abismo_de_paixao_sbt_resumo_novela-150x112.jpg 150w, https:\/\/migracao.redenoticia.com.br\/noticia\/imagens\/abismo_de_paixao_sbt_resumo_novela-265x198.jpg 265w\" sizes=\"auto, (max-width: 150px) 100vw, 150px\" \/><strong><em>Novela \u201cAbismo da Paix\u00e3o\u201d resumo 14\/09<\/em><\/strong>:\u00a0Paulo chantageia Flor\u00eancia e pede dinheiro em troca de guardar o segredo quanto \u00e1 sua gravidez. Flor\u00eancia confessa a Dami\u00e3o que n\u00e3o est\u00e1 gr\u00e1vida. Ela pede que ele busque sua felicidade ao lado de Elisa. Ela o entrega uma carta e a ata de div\u00f3rcio, j\u00e1 assinada por ela. Dami\u00e3o sobe em seu cavalo e sai para encontrar Elisa. Gael e Elisa est\u00e3o se casando quando Dami\u00e3o chega para impedi-los. Ele amea\u00e7a Gael com um revolver e ordena a Elisa que ela suba no cavalo. <\/p>\n<p>No cap\u00edtulo 123 (*), novela \u201cAbismo da Paix\u00e3o\u201d, quarta-feira, 14 de setembro \u2013 Flor\u00eancia confessa a Dami\u00e3o que n\u00e3o est\u00e1 gr\u00e1vida. Ela pede que ele busque sua felicidade ao lado de Elisa. Ela o entrega uma carta e a ata de div\u00f3rcio, j\u00e1 assinada por ela. Dami\u00e3o sobe em seu cavalo e vai por Elisa.<\/p>\n<p>Almerinda n\u00e3o consegue acreditar no que est\u00e1 vendo e expulsa Flor\u00eancia da fazenda. Gael e Elisa est\u00e3o se casando quando Dami\u00e3o chega para impedi-los. Ele amea\u00e7a Gael com um revolver e ordena Elisa que suba no cavalo.<\/p>\n<p>Elisa obedece e eles partem. Gael, desesperado, busca por Elisa e Dami\u00e3o em todo povoado.<\/p>\n<p>(*) edi\u00e7\u00e3o do SBT, Novela \u201cAbismo da Paix\u00e3o\u201d, sujeito a altera\u00e7\u00e3o de data e conte\u00fado.<\/p>\n","protected":false},"excerpt":{"rendered":"<p>Novela \u201cAbismo da Paix\u00e3o\u201d resumo 14\/09:\u00a0Paulo chantageia Flor\u00eancia e pede dinheiro em troca de guardar o segredo quanto \u00e1 sua gravidez. Flor\u00eancia confessa a Dami\u00e3o que n\u00e3o est\u00e1 gr\u00e1vida. Ela pede que ele busque sua felicidade ao lado de Elisa. Ela o entrega uma carta e a ata de div\u00f3rcio, j\u00e1 assinada por ela. Dami\u00e3o [&hellip;]<\/p>\n","protected":false},"author":4,"featured_media":81978,"comment_status":"open","ping_status":"closed","sticky":false,"template":"","format":"standard","meta":{"tdm_status":"","tdm_grid_status":"","footnotes":""},"categories":[379,372,343],"tags":[441],"class_list":{"0":"post-95149","1":"post","2":"type-post","3":"status-publish","4":"format-standard","5":"has-post-thumbnail","7":"category-novelas","8":"category-sbt","9":"category-televisao","10":"tag-resumo-do-dia"},"_links":{"self":[{"href":"https:\/\/migracao.redenoticia.com.br\/noticia\/wp-json\/wp\/v2\/posts\/95149","targetHints":{"allow":["GET"]}}],"collection":[{"href":"https:\/\/migracao.redenoticia.com.br\/noticia\/wp-json\/wp\/v2\/posts"}],"about":[{"href":"https:\/\/migracao.redenoticia.com.br\/noticia\/wp-json\/wp\/v2\/types\/post"}],"author":[{"embeddable":true,"href":"https:\/\/migracao.redenoticia.com.br\/noticia\/wp-json\/wp\/v2\/users\/4"}],"replies":[{"embeddable":true,"href":"https:\/\/migracao.redenoticia.com.br\/noticia\/wp-json\/wp\/v2\/comments?post=95149"}],"version-history":[{"count":0,"href":"https:\/\/migracao.redenoticia.com.br\/noticia\/wp-json\/wp\/v2\/posts\/95149\/revisions"}],"wp:featuredmedia":[{"embeddable":true,"href":"https:\/\/migracao.redenoticia.com.br\/noticia\/wp-json\/wp\/v2\/media\/81978"}],"wp:attachment":[{"href":"https:\/\/migracao.redenoticia.com.br\/noticia\/wp-json\/wp\/v2\/media?parent=95149"}],"wp:term":[{"taxonomy":"category","embeddable":true,"href":"https:\/\/migracao.redenoticia.com.br\/noticia\/wp-json\/wp\/v2\/categories?post=95149"},{"taxonomy":"post_tag","embeddable":true,"href":"https:\/\/migracao.redenoticia.com.br\/noticia\/wp-json\/wp\/v2\/tags?post=95149"}],"curies":[{"name":"wp","href":"https:\/\/api.w.org\/{rel}","templated":true}]}}