{"id":9515,"date":"2009-08-24T11:56:23","date_gmt":"2009-08-24T15:56:23","guid":{"rendered":"http:\/\/www.redenoticia.com.br\/noticia\/?p=9515"},"modified":"2009-08-27T10:13:23","modified_gmt":"2009-08-27T14:13:23","slug":"sbt-e-um-personagem-fascinante%c2%b4-diz-antonio-petrin-sobre-ze-moreia","status":"publish","type":"post","link":"https:\/\/migracao.redenoticia.com.br\/noticia\/2009\/sbt-e-um-personagem-fascinante%c2%b4-diz-antonio-petrin-sobre-ze-moreia\/9515","title":{"rendered":"SBT &#8211; `\u00c9 um personagem fascinante\u00b4, diz Ant\u00f4nio Petrin sobre Z\u00e9 Mor\u00e9ia"},"content":{"rendered":"<p><a href=\"https:\/\/migracao.redenoticia.com.br\/noticia\/imagens\/\/v\u00e9unoivatumb.jpg\"><img loading=\"lazy\" decoding=\"async\" class=\"alignleft size-full wp-image-9516\" title=\"v\u00e9unoivatumb\" src=\"https:\/\/migracao.redenoticia.com.br\/noticia\/imagens\/\/v\u00e9unoivatumb.jpg\" alt=\"v\u00e9unoivatumb\" width=\"150\" height=\"113\" \/><\/a>Na pele do rabugento Z\u00e9 Mor\u00e9ia, o veterano Ant\u00f4nio Petrin brilha em Vende-se Um V\u00e9u de Noiva e n\u00e3o esconde a satisfa\u00e7\u00e3o em trabalhar no SBT e ver os avan\u00e7os da emissora na \u00e1rea.\u00a0\u201cTudo foi feito para que houvesse uma evolu\u00e7\u00e3o. Com a dire\u00e7\u00e3o do Del Rangel, tudo mudou e h\u00e1 um cuidado enorme no detalhamento das cenas\u201d, conta Petrin.\u00a0O ator fala dessa nova proposta de sua carreira, viver um morador do litoral e gravar a maioria das cenas ao ar livre. \u201cQuando se explora essa parte de cenas externas, o ator tem outro comportamento. Tudo mudou para melhor. No resultado que j\u00e1 est\u00e1 no ar, a diferen\u00e7a \u00e9 notada\u201d, revela.<\/p>\n<p>Sobre o pescador que interpreta, Ant\u00f4nio Petrin n\u00e3o esconde seu orgulho. \u201c\u00c9 um personagem fascinante. Quer ser um l\u00edder, mas usa a maldade para atrair esses pescadores.<\/p>\n<p>\u00c9 solit\u00e1rio, frustrado\u201d, comenta o ator, que passou a ser chamado pelo nome de seu personagem pelos colegas. \u201cQuando estou na praia gravando, todo mundo me chama e grita: Z\u00e9 Mor\u00e9ia, Z\u00e9 Moreia&#8230;\u201d, diverte-se Petrin.<\/p>\n<p>Fonte Bastidores SBT &#8211; Novela<\/p>\n","protected":false},"excerpt":{"rendered":"<p>Na pele do rabugento Z\u00e9 Mor\u00e9ia, o veterano Ant\u00f4nio Petrin brilha em Vende-se Um V\u00e9u de Noiva e n\u00e3o esconde a satisfa\u00e7\u00e3o em trabalhar no SBT e ver os avan\u00e7os da emissora na \u00e1rea.\u00a0\u201cTudo foi feito para que houvesse uma evolu\u00e7\u00e3o. Com a dire\u00e7\u00e3o do Del Rangel, tudo mudou e h\u00e1 um cuidado enorme no [&hellip;]<\/p>\n","protected":false},"author":3,"featured_media":0,"comment_status":"open","ping_status":"open","sticky":false,"template":"","format":"standard","meta":{"tdm_status":"","tdm_grid_status":"","footnotes":""},"categories":[22,343],"tags":[],"class_list":{"0":"post-9515","1":"post","2":"type-post","3":"status-publish","4":"format-standard","6":"category-brasil","7":"category-televisao"},"_links":{"self":[{"href":"https:\/\/migracao.redenoticia.com.br\/noticia\/wp-json\/wp\/v2\/posts\/9515","targetHints":{"allow":["GET"]}}],"collection":[{"href":"https:\/\/migracao.redenoticia.com.br\/noticia\/wp-json\/wp\/v2\/posts"}],"about":[{"href":"https:\/\/migracao.redenoticia.com.br\/noticia\/wp-json\/wp\/v2\/types\/post"}],"author":[{"embeddable":true,"href":"https:\/\/migracao.redenoticia.com.br\/noticia\/wp-json\/wp\/v2\/users\/3"}],"replies":[{"embeddable":true,"href":"https:\/\/migracao.redenoticia.com.br\/noticia\/wp-json\/wp\/v2\/comments?post=9515"}],"version-history":[{"count":0,"href":"https:\/\/migracao.redenoticia.com.br\/noticia\/wp-json\/wp\/v2\/posts\/9515\/revisions"}],"wp:attachment":[{"href":"https:\/\/migracao.redenoticia.com.br\/noticia\/wp-json\/wp\/v2\/media?parent=9515"}],"wp:term":[{"taxonomy":"category","embeddable":true,"href":"https:\/\/migracao.redenoticia.com.br\/noticia\/wp-json\/wp\/v2\/categories?post=9515"},{"taxonomy":"post_tag","embeddable":true,"href":"https:\/\/migracao.redenoticia.com.br\/noticia\/wp-json\/wp\/v2\/tags?post=9515"}],"curies":[{"name":"wp","href":"https:\/\/api.w.org\/{rel}","templated":true}]}}