{"id":95151,"date":"2016-09-13T16:15:38","date_gmt":"2016-09-13T19:15:38","guid":{"rendered":"http:\/\/www.redenoticia.com.br\/noticia\/?p=95151"},"modified":"2016-09-13T14:52:02","modified_gmt":"2016-09-13T17:52:02","slug":"novela-mar-de-amor-resumo-1409-catalina-se-alegra-com-a-desgraca-de-victor","status":"publish","type":"post","link":"https:\/\/migracao.redenoticia.com.br\/noticia\/2016\/novela-mar-de-amor-resumo-1409-catalina-se-alegra-com-a-desgraca-de-victor\/95151","title":{"rendered":"Novela \u201cMar de Amor\u201d resumo 14\/09: Catalina se alegra com a trag\u00e9dia de Victor"},"content":{"rendered":"<p><img loading=\"lazy\" decoding=\"async\" class=\"alignleft size-thumbnail wp-image-86321\" src=\"https:\/\/migracao.redenoticia.com.br\/noticia\/imagens\/Mar_de_Amor_SBT_resumo_novela-150x112.jpg\" alt=\"Mar_de_Amor_SBT_resumo_novela\" width=\"150\" height=\"112\" srcset=\"https:\/\/migracao.redenoticia.com.br\/noticia\/imagens\/Mar_de_Amor_SBT_resumo_novela-150x112.jpg 150w, https:\/\/migracao.redenoticia.com.br\/noticia\/imagens\/Mar_de_Amor_SBT_resumo_novela-265x198.jpg 265w\" sizes=\"auto, (max-width: 150px) 100vw, 150px\" \/><strong><em>Novela \u201cMar de Amor\u201d resumo 14\/09<\/em><\/strong>:\u00a0Hernan aparece morto. Na delegacia, a vizinha acusa Victor de ser o assassino. Luciana tamb\u00e9m diz que foi Victor que matou seu filho. Estrela pede a Guilhermo que consiga um advogado para defender Victor. Cacilda n\u00e3o consegue parar de pensar que Guilhermo teve algo a ver com a morte de Hernan. Ela o questiona discretamente. \u00c9 dada a ordem de levar Victor Manuel para o pres\u00eddio. Victor e Estrela seguem jurando amor, mutuamente. Estrela teme que na cadeia possam matar Victor. Catalina se alegra com a trag\u00e9dia de Victor. <\/p>\n<p>No cap\u00edtulo 088(*), novela \u201cMar de Amor\u201d, quarta-feira, 14 de setembro \u2013 quando Luciana e um comandante de pol\u00edcia tratam Victor como assassino, o advogado do rapaz pede a ambos que n\u00e3o o fa\u00e7am, pois a culpa de Victor ainda n\u00e3o foi provada. Catalina continua tentando atrair Santos, mas ele resiste.<\/p>\n<p>Mercedes repete para Victor Manuel, perante Estrela, que o ama. Catalina volta a sentir uma intensa dor de cabe\u00e7a e desmaia. In\u00eas pensa em chamar um m\u00e9dico, mas Coral n\u00e3o permite. Cacilda n\u00e3o consegue parar de pensar que Guilhermo teve algo a ver com a morte de Hernan. Ela o questiona discretamente.<\/p>\n<p>Santos faz o mesmo, mas Guilhermo \u00e9 evasivo nas respostas. \u00c9 dada a ordem de levar Victor Manuel para o pres\u00eddio. Victor e Estrela seguem jurando amor, mutuamente. Estrela teme que na cadeia possam matar Victor. Catalina se alegra com a desgra\u00e7a de Victor Manuel e expressa seu desejo de que ele pague por seu crime, mesmo n\u00e3o sendo Victor o verdadeiro assassino.<\/p>\n<p>(*) edi\u00e7\u00e3o do SBT, Novela \u201cMar de Amor\u201d, sujeito a altera\u00e7\u00e3o de data e conte\u00fado.<\/p>\n","protected":false},"excerpt":{"rendered":"<p>Novela \u201cMar de Amor\u201d resumo 14\/09:\u00a0Hernan aparece morto. Na delegacia, a vizinha acusa Victor de ser o assassino. Luciana tamb\u00e9m diz que foi Victor que matou seu filho. Estrela pede a Guilhermo que consiga um advogado para defender Victor. Cacilda n\u00e3o consegue parar de pensar que Guilhermo teve algo a ver com a morte de [&hellip;]<\/p>\n","protected":false},"author":4,"featured_media":86321,"comment_status":"open","ping_status":"closed","sticky":false,"template":"","format":"standard","meta":{"tdm_status":"","tdm_grid_status":"","footnotes":""},"categories":[379,372,343],"tags":[441],"class_list":{"0":"post-95151","1":"post","2":"type-post","3":"status-publish","4":"format-standard","5":"has-post-thumbnail","7":"category-novelas","8":"category-sbt","9":"category-televisao","10":"tag-resumo-do-dia"},"_links":{"self":[{"href":"https:\/\/migracao.redenoticia.com.br\/noticia\/wp-json\/wp\/v2\/posts\/95151","targetHints":{"allow":["GET"]}}],"collection":[{"href":"https:\/\/migracao.redenoticia.com.br\/noticia\/wp-json\/wp\/v2\/posts"}],"about":[{"href":"https:\/\/migracao.redenoticia.com.br\/noticia\/wp-json\/wp\/v2\/types\/post"}],"author":[{"embeddable":true,"href":"https:\/\/migracao.redenoticia.com.br\/noticia\/wp-json\/wp\/v2\/users\/4"}],"replies":[{"embeddable":true,"href":"https:\/\/migracao.redenoticia.com.br\/noticia\/wp-json\/wp\/v2\/comments?post=95151"}],"version-history":[{"count":0,"href":"https:\/\/migracao.redenoticia.com.br\/noticia\/wp-json\/wp\/v2\/posts\/95151\/revisions"}],"wp:featuredmedia":[{"embeddable":true,"href":"https:\/\/migracao.redenoticia.com.br\/noticia\/wp-json\/wp\/v2\/media\/86321"}],"wp:attachment":[{"href":"https:\/\/migracao.redenoticia.com.br\/noticia\/wp-json\/wp\/v2\/media?parent=95151"}],"wp:term":[{"taxonomy":"category","embeddable":true,"href":"https:\/\/migracao.redenoticia.com.br\/noticia\/wp-json\/wp\/v2\/categories?post=95151"},{"taxonomy":"post_tag","embeddable":true,"href":"https:\/\/migracao.redenoticia.com.br\/noticia\/wp-json\/wp\/v2\/tags?post=95151"}],"curies":[{"name":"wp","href":"https:\/\/api.w.org\/{rel}","templated":true}]}}