{"id":9519,"date":"2009-08-24T11:58:11","date_gmt":"2009-08-24T15:58:11","guid":{"rendered":"http:\/\/www.redenoticia.com.br\/noticia\/?p=9519"},"modified":"2009-08-24T11:58:11","modified_gmt":"2009-08-24T15:58:11","slug":"ji-parana-ro-lanca-campanha-contra-o-cancer-de-mama","status":"publish","type":"post","link":"https:\/\/migracao.redenoticia.com.br\/noticia\/2009\/ji-parana-ro-lanca-campanha-contra-o-cancer-de-mama\/9519","title":{"rendered":"Ji-Paran\u00e1 (RO) lan\u00e7a campanha contra o cancer de mama"},"content":{"rendered":"<p>Foi lan\u00e7ada na manh\u00e3\u00a0 de ontem, na sala do Grupo de Apoio aos Portadores de C\u00e2ncer de Ji-Paran\u00e1\u00a0 (GAPC) uma campanha de preven\u00e7\u00e3o ao c\u00e2ncer de mama, que beneficiar\u00e1\u00a0 mulheres carentes do munic\u00edpio. Segundo informa\u00e7\u00f5es da presidente do GAPC, Silvia Cristina Am\u00e2ncio Chagas, ser\u00e3o disponibilizadas 50 mamografias, para mulheres carentes de Ji-Paran\u00e1, que j\u00e1 tenham pedido m\u00e9dico, sem nenhum custo para as mesmas.<\/p>\n<p>\u201cSabemos que o c\u00e2ncer de mama, se descoberto no in\u00edcio, tem uma grande probabilidade de ser eliminado completamente. Precisamos da ajuda de todos nesta nossa luta para que seja cada vez maior a conscientiza\u00e7\u00e3o das mulheres quanto \u00e0 necessidade de realizar exames peri\u00f3dicos e assim trabalharmos sempre de forma preventiva. S\u00e3o muito dolorosas as conseq\u00fc\u00eancias para quem passa por um problema como esse, a mutila\u00e7\u00e3o \u00e9 algo terr\u00edvel, o tratamento \u00e9 muito sacrificante, s\u00f3 quem realmente passou por tudo isso que pode afirmar\u201d, explicou Silvia.<\/p>\n<p>O GAPC trabalha em conjunto com a Funda\u00e7\u00e3o Pio XII, mantenedora do Hospital do C\u00e2ncer de Barretos, no estado de S\u00e3o Paulo, institui\u00e7\u00e3o de refer\u00eancia nacional no tratamento contra a doen\u00e7a. Em pouco menos de dois anos de exist\u00eancia do grupo em Ji-Paran\u00e1, j\u00e1 foram encaminhados para tratamento em Barretos, 182 casos, destes, 20% de c\u00e2ncer de mama. \u201cQueremos diminuir esse percentual. O principal objetivo de realizar essa campanha com a doa\u00e7\u00e3o de mamografias \u00e9 atender a popula\u00e7\u00e3o carente do munic\u00edpio, porque este exame n\u00e3o \u00e9 realizado na rede p\u00fablica, e na rede privada ele custa R$ 220,00. Realizaremos uma triagem para que realmente sejam atendidas mulheres que n\u00e3o t\u00eam condi\u00e7\u00f5es de pagar pela momografia\u201d, afirmou a presidente.<\/p>\n<p>A triagem ser\u00e1\u00a0 realizada na sala do grupo, localizada \u00e0\u00a0Rua Solim\u00f5es, no Bairro Dom Bosco, atr\u00e1s do Hospital Municipal, no per\u00edodo de 7h30 \u00e0s 11h30, e de 14 \u00e0s 17h30. O GAPC estar\u00e1 trabalhando com apoio da Secretaria Municipal de Sa\u00fade (Semusa), que cedeu uma assistente social do munic\u00edpio, a Sra. Alice Paiva, para auxiliar no trabalho de triagem. Outros parceiros tamb\u00e9m est\u00e3o sendo de fundamental import\u00e2ncia, como: Eucatur, Associa\u00e7\u00e3o das Volunt\u00e1rias de Ji-Paran\u00e1 (AVJ), Biocal, deputados Jesualdo Pires e Maur\u00e3o de Carvalho, Adesivo e Cia e Ceraji. Todos estes est\u00e3o contribuindo, seja com o custeio de exames ou com a doa\u00e7\u00e3o de material de divulga\u00e7\u00e3o.<\/p>\n<p>Em 2008 o GAPC realizou uma primeira campanha de conscientiza\u00e7\u00e3o no Dia Internacional da Mulher, 8 de mar\u00e7o, com a distribui\u00e7\u00e3o de panfletos. Atualmente o grupo tem cerca de 40 volunt\u00e1rios trabalhando diretamente com as a\u00e7\u00f5es desenvolvidas e diversos outros que sempre colaboram quando solicitados. Atualmente todos os recursos do GAPC s\u00e3o obtidos pela realiza\u00e7\u00e3o de feiras de roupas usadas e doa\u00e7\u00f5es. Pela primeira vez, a Segunda-feira<\/p>\n","protected":false},"excerpt":{"rendered":"<p>Foi lan\u00e7ada na manh\u00e3\u00a0 de ontem, na sala do Grupo de Apoio aos Portadores de C\u00e2ncer de Ji-Paran\u00e1\u00a0 (GAPC) uma campanha de preven\u00e7\u00e3o ao c\u00e2ncer de mama, que beneficiar\u00e1\u00a0 mulheres carentes do munic\u00edpio. Segundo informa\u00e7\u00f5es da presidente do GAPC, Silvia Cristina Am\u00e2ncio Chagas, ser\u00e3o disponibilizadas 50 mamografias, para mulheres carentes de Ji-Paran\u00e1, que j\u00e1 tenham [&hellip;]<\/p>\n","protected":false},"author":2,"featured_media":0,"comment_status":"open","ping_status":"open","sticky":false,"template":"","format":"standard","meta":{"tdm_status":"","tdm_grid_status":"","footnotes":""},"categories":[5],"tags":[],"class_list":{"0":"post-9519","1":"post","2":"type-post","3":"status-publish","4":"format-standard","6":"category-saude-e-vida"},"_links":{"self":[{"href":"https:\/\/migracao.redenoticia.com.br\/noticia\/wp-json\/wp\/v2\/posts\/9519","targetHints":{"allow":["GET"]}}],"collection":[{"href":"https:\/\/migracao.redenoticia.com.br\/noticia\/wp-json\/wp\/v2\/posts"}],"about":[{"href":"https:\/\/migracao.redenoticia.com.br\/noticia\/wp-json\/wp\/v2\/types\/post"}],"author":[{"embeddable":true,"href":"https:\/\/migracao.redenoticia.com.br\/noticia\/wp-json\/wp\/v2\/users\/2"}],"replies":[{"embeddable":true,"href":"https:\/\/migracao.redenoticia.com.br\/noticia\/wp-json\/wp\/v2\/comments?post=9519"}],"version-history":[{"count":0,"href":"https:\/\/migracao.redenoticia.com.br\/noticia\/wp-json\/wp\/v2\/posts\/9519\/revisions"}],"wp:attachment":[{"href":"https:\/\/migracao.redenoticia.com.br\/noticia\/wp-json\/wp\/v2\/media?parent=9519"}],"wp:term":[{"taxonomy":"category","embeddable":true,"href":"https:\/\/migracao.redenoticia.com.br\/noticia\/wp-json\/wp\/v2\/categories?post=9519"},{"taxonomy":"post_tag","embeddable":true,"href":"https:\/\/migracao.redenoticia.com.br\/noticia\/wp-json\/wp\/v2\/tags?post=9519"}],"curies":[{"name":"wp","href":"https:\/\/api.w.org\/{rel}","templated":true}]}}