{"id":95191,"date":"2016-09-13T19:29:20","date_gmt":"2016-09-13T22:29:20","guid":{"rendered":"http:\/\/www.redenoticia.com.br\/noticia\/?p=95191"},"modified":"2016-09-13T16:36:27","modified_gmt":"2016-09-13T19:36:27","slug":"novela-sila-resumo-1409-a-filha-de-narin-nasce","status":"publish","type":"post","link":"https:\/\/migracao.redenoticia.com.br\/noticia\/2016\/novela-sila-resumo-1409-a-filha-de-narin-nasce\/95191","title":{"rendered":"Novela \u201cSila\u201d resumo 14\/09: a filha de Narin nasce"},"content":{"rendered":"<p> <img loading=\"lazy\" decoding=\"async\" class=\"alignleft size-thumbnail wp-image-83098\" src=\"https:\/\/migracao.redenoticia.com.br\/noticia\/imagens\/sila_band_novela_resumo_capitulo-150x112.jpg\" alt=\"sila_band_novela_resumo_capitulo\" width=\"150\" height=\"112\" srcset=\"https:\/\/migracao.redenoticia.com.br\/noticia\/imagens\/sila_band_novela_resumo_capitulo-150x112.jpg 150w, https:\/\/migracao.redenoticia.com.br\/noticia\/imagens\/sila_band_novela_resumo_capitulo-265x198.jpg 265w\" sizes=\"auto, (max-width: 150px) 100vw, 150px\" \/><strong><em> Novela \u201cSila\u201d resumo 14\/09<\/em><\/strong>: Bedar recebe alta do hospital, mas Narin \u00e9 internada. Toda a fam\u00edlia volta para o hospital quando Narin come\u00e7a a sentir as dores do parto. Ap\u00f3s a interven\u00e7\u00e3o m\u00e9dica, a filha de Narin nasce com sa\u00fade. Narin sai da sala de parto, vai para o quarto e conversa com Azad. Ap\u00f3s alguns dias, Narin volta para casa com a beb\u00ea e encontra os pais.<\/p>\n<p>No capitulo 141 (*), novela \u201cSila\u201d, quarta-feira, 14 de setembro &#8211; Bedar recebe alta do hospital. A filha de Narin nasce e ela conversa com Azad o quarto. Berzan articula o sequestro de Bedirhan, mas \u00e9 amea\u00e7ado por um anci\u00e3o do cl\u00e3 que o faz mudar de ideia. Berzan fala por telefone com seus homens e sua esposa ouve a conversa. Em seguida, ela pergunta se a crian\u00e7a est\u00e1 a caminho. O vil\u00e3o n\u00e3o responde. A pol\u00edcia vai \u00e0 casa de Berzan e ele \u00e9 intimado a dar um novo depoimento \u00e0 justi\u00e7a. Dilaver e Ceren se beijam pela primeira vez.<\/p>\n<p> Berzan jura se vingar de Boran. Ayse tenta falar com Hussein mas ele vai embora e n\u00e3o atende as liga\u00e7\u00f5es. Berzan convida Esma para jantar e pede informa\u00e7\u00f5es sobre Sila e sua rotina. Sila pede que Boran fa\u00e7a algo para ajudar Ayse e Hussein. Ceren convida Dilaver para conhecer a fam\u00edlia dela. Narin vai para casa com a beb\u00ea e encontra os pais. Esma flagra Ceren e Dilaver de m\u00e3os dadas na empresa.<\/p>\n<p> Sila chega ao mesmo restaurante onde Berzan est\u00e1. Enquanto isso, Boran est\u00e1 preocupado. Ele n\u00e3o sabe quanto tempo mais para consertar o ve\u00edculo que vai lev\u00e1-lo para Sila.<\/p>\n<p>(*) edi\u00e7\u00e3o da Band, Novela \u201cSila\u201d, sujeito a altera\u00e7\u00e3o de data e conte\u00fado.<\/p>\n","protected":false},"excerpt":{"rendered":"<p>Novela \u201cSila\u201d resumo 14\/09: Bedar recebe alta do hospital, mas Narin \u00e9 internada. Toda a fam\u00edlia volta para o hospital quando Narin come\u00e7a a sentir as dores do parto. Ap\u00f3s a interven\u00e7\u00e3o m\u00e9dica, a filha de Narin nasce com sa\u00fade. Narin sai da sala de parto, vai para o quarto e conversa com Azad. Ap\u00f3s [&hellip;]<\/p>\n","protected":false},"author":2,"featured_media":83098,"comment_status":"open","ping_status":"closed","sticky":false,"template":"","format":"standard","meta":{"tdm_status":"","tdm_grid_status":"","footnotes":""},"categories":[390,379,343],"tags":[441],"class_list":{"0":"post-95191","1":"post","2":"type-post","3":"status-publish","4":"format-standard","5":"has-post-thumbnail","7":"category-band","8":"category-novelas","9":"category-televisao","10":"tag-resumo-do-dia"},"_links":{"self":[{"href":"https:\/\/migracao.redenoticia.com.br\/noticia\/wp-json\/wp\/v2\/posts\/95191","targetHints":{"allow":["GET"]}}],"collection":[{"href":"https:\/\/migracao.redenoticia.com.br\/noticia\/wp-json\/wp\/v2\/posts"}],"about":[{"href":"https:\/\/migracao.redenoticia.com.br\/noticia\/wp-json\/wp\/v2\/types\/post"}],"author":[{"embeddable":true,"href":"https:\/\/migracao.redenoticia.com.br\/noticia\/wp-json\/wp\/v2\/users\/2"}],"replies":[{"embeddable":true,"href":"https:\/\/migracao.redenoticia.com.br\/noticia\/wp-json\/wp\/v2\/comments?post=95191"}],"version-history":[{"count":0,"href":"https:\/\/migracao.redenoticia.com.br\/noticia\/wp-json\/wp\/v2\/posts\/95191\/revisions"}],"wp:featuredmedia":[{"embeddable":true,"href":"https:\/\/migracao.redenoticia.com.br\/noticia\/wp-json\/wp\/v2\/media\/83098"}],"wp:attachment":[{"href":"https:\/\/migracao.redenoticia.com.br\/noticia\/wp-json\/wp\/v2\/media?parent=95191"}],"wp:term":[{"taxonomy":"category","embeddable":true,"href":"https:\/\/migracao.redenoticia.com.br\/noticia\/wp-json\/wp\/v2\/categories?post=95191"},{"taxonomy":"post_tag","embeddable":true,"href":"https:\/\/migracao.redenoticia.com.br\/noticia\/wp-json\/wp\/v2\/tags?post=95191"}],"curies":[{"name":"wp","href":"https:\/\/api.w.org\/{rel}","templated":true}]}}