{"id":95218,"date":"2016-09-14T06:03:03","date_gmt":"2016-09-14T09:03:03","guid":{"rendered":"http:\/\/www.redenoticia.com.br\/noticia\/?p=95218"},"modified":"2016-09-13T20:52:25","modified_gmt":"2016-09-13T23:52:25","slug":"eja-sp-abre-inscricoes-para-3a-serie-do-ensino-medio-a-distancia","status":"publish","type":"post","link":"https:\/\/migracao.redenoticia.com.br\/noticia\/2016\/eja-sp-abre-inscricoes-para-3a-serie-do-ensino-medio-a-distancia\/95218","title":{"rendered":"EJA SP abre inscri\u00e7\u00f5es para 3\u00aa s\u00e9rie do Ensino M\u00e9dio a distancia"},"content":{"rendered":"<p> Interessados em cursar a terceira s\u00e9rie do Ensino M\u00e9dio j\u00e1 podem se inscrever na Educa\u00e7\u00e3o de Jovens e Adultos (<strong><em>EJA<\/em><\/strong>) a dist\u00e2ncia do Centro Paula Souza (CPS). O curso \u00e9 gratuito, autoinstrucional, e n\u00e3o \u00e9 necess\u00e1rio realizar processo seletivo para iniciar as aulas.<\/p>\n<p>Com dura\u00e7\u00e3o m\u00ednima de tr\u00eas semestres, o programa oferece ao aluno material did\u00e1tico composto por v\u00eddeos e apostilas no\u00a0\u00a0de aprendizagem. Apenas os exames finais de cada s\u00e9rie s\u00e3o presenciais.<\/p>\n<p>As provas s\u00e3o aplicadas em tr\u00eas Escolas T\u00e9cnicas Estaduais (Etecs): Etec de S\u00e3o Paulo (S\u00e3o Paulo \u2013 Bom Retiro), Bento Quirino (Campinas) e Fernando Prestes (Sorocaba).<\/p>\n<p>Como participar<br \/>\nO interessado deve ter mais de 18 anos, apresentar certificado de conclus\u00e3o do Ensino Fundamental ou comprovante de conclus\u00e3o da s\u00e9rie cursada do Ensino M\u00e9dio para ingresso no m\u00f3dulo seguinte. \u00c9 poss\u00edvel come\u00e7ar a estudar em qualquer momento do ano.<\/p>\n<p>A matr\u00edcula deve ser feita por meio do envio da documenta\u00e7\u00e3o pelos Correios com a ficha de inscri\u00e7\u00e3o preenchida. Para mais informa\u00e7\u00f5es, leia o\u00a0. Al\u00e9m do Ensino M\u00e9dio EJA, o Centro Paula Souza oferece v\u00e1rias modalidades de educa\u00e7\u00e3o\u00a0a dist\u00e2ncia em diversos n\u00edveis.<\/p>\n<p>N\u00e3o h\u00e1 limite de vagas.<\/p>\n<p>Mais oportunidade<br \/>\nLan\u00e7ado em novembro do ano passado, o supletivo on-line teve in\u00edcio com a oferta da primeira s\u00e9rie. Agora, todas as s\u00e9ries (primeira, segunda e terceira) est\u00e3o dispon\u00edveis para quem pretende concluir seus estudos.<\/p>\n<p>Do Portal do Governo do Estado SP<\/p>\n","protected":false},"excerpt":{"rendered":"<p>Interessados em cursar a terceira s\u00e9rie do Ensino M\u00e9dio j\u00e1 podem se inscrever na Educa\u00e7\u00e3o de Jovens e Adultos (EJA) a dist\u00e2ncia do Centro Paula Souza (CPS). O curso \u00e9 gratuito, autoinstrucional, e n\u00e3o \u00e9 necess\u00e1rio realizar processo seletivo para iniciar as aulas. Com dura\u00e7\u00e3o m\u00ednima de tr\u00eas semestres, o programa oferece ao aluno material [&hellip;]<\/p>\n","protected":false},"author":2,"featured_media":35036,"comment_status":"open","ping_status":"closed","sticky":false,"template":"","format":"standard","meta":{"tdm_status":"","tdm_grid_status":"","footnotes":""},"categories":[22,351,370],"tags":[],"class_list":{"0":"post-95218","1":"post","2":"type-post","3":"status-publish","4":"format-standard","5":"has-post-thumbnail","7":"category-brasil","8":"category-cursos","9":"category-inscricao"},"_links":{"self":[{"href":"https:\/\/migracao.redenoticia.com.br\/noticia\/wp-json\/wp\/v2\/posts\/95218","targetHints":{"allow":["GET"]}}],"collection":[{"href":"https:\/\/migracao.redenoticia.com.br\/noticia\/wp-json\/wp\/v2\/posts"}],"about":[{"href":"https:\/\/migracao.redenoticia.com.br\/noticia\/wp-json\/wp\/v2\/types\/post"}],"author":[{"embeddable":true,"href":"https:\/\/migracao.redenoticia.com.br\/noticia\/wp-json\/wp\/v2\/users\/2"}],"replies":[{"embeddable":true,"href":"https:\/\/migracao.redenoticia.com.br\/noticia\/wp-json\/wp\/v2\/comments?post=95218"}],"version-history":[{"count":0,"href":"https:\/\/migracao.redenoticia.com.br\/noticia\/wp-json\/wp\/v2\/posts\/95218\/revisions"}],"wp:featuredmedia":[{"embeddable":true,"href":"https:\/\/migracao.redenoticia.com.br\/noticia\/wp-json\/wp\/v2\/media\/35036"}],"wp:attachment":[{"href":"https:\/\/migracao.redenoticia.com.br\/noticia\/wp-json\/wp\/v2\/media?parent=95218"}],"wp:term":[{"taxonomy":"category","embeddable":true,"href":"https:\/\/migracao.redenoticia.com.br\/noticia\/wp-json\/wp\/v2\/categories?post=95218"},{"taxonomy":"post_tag","embeddable":true,"href":"https:\/\/migracao.redenoticia.com.br\/noticia\/wp-json\/wp\/v2\/tags?post=95218"}],"curies":[{"name":"wp","href":"https:\/\/api.w.org\/{rel}","templated":true}]}}