{"id":95239,"date":"2016-09-14T14:26:00","date_gmt":"2016-09-14T17:26:00","guid":{"rendered":"http:\/\/www.redenoticia.com.br\/noticia\/?p=95239"},"modified":"2016-09-14T14:26:00","modified_gmt":"2016-09-14T17:26:00","slug":"novela-chamas-da-vida-resumo-1509-carolina-decide-se-separar-de-pedro","status":"publish","type":"post","link":"https:\/\/migracao.redenoticia.com.br\/noticia\/2016\/novela-chamas-da-vida-resumo-1509-carolina-decide-se-separar-de-pedro\/95239","title":{"rendered":"Novela \u201cChamas da Vida\u201d resumo 15\/09: Carolina decide se separar de Pedro"},"content":{"rendered":"<p> <img loading=\"lazy\" decoding=\"async\" class=\"alignleft size-thumbnail wp-image-82020\" src=\"https:\/\/migracao.redenoticia.com.br\/noticia\/imagens\/chamas_da_vida_resumo_novela-150x112.jpeg\" alt=\"chamas_da_vida_resumo_novela\" width=\"150\" height=\"112\" \/><strong><em>Novela \u201cChamas da Vida\u201d resumo 15\/09<\/em><\/strong>: Carolina assina o papel passando sua parte da GG para Vilma, que assina um papel dizendo que Mercedes maltrata Vivi e Rafa. As duas trocam os documento. Vilma lembra Carolina que s\u00f3 vai sossegar quando tiver o controle total da GG. Carolina fala que Vilma n\u00e3o far\u00e1 mais mal contra a fam\u00edlia do Pedro, pois vai se afastar deles. Vivi e Rafa surgem na casa de Pedro. Eles dizem que Carolina deu sua parte da GG para Vilma e assim os devolveu para Pedro. Carolina revela a Pedro que Vilma jamais far\u00e1 mal a ele e sua fam\u00edlia, pois ela vai embora da vida de Pedro. <\/p>\n<p>No capitulo 222 (*), novela \u201cChamas da Vida\u201d, quinta-feira, 15 de setembro &#8211; Suelen pega a farda de Gloria, se veste com ela e espera Caz\u00e9 no quarto dele. Caz\u00e9 percebe que a farda \u00e9 de Gloria e pede que ela tire logo a roupa, sen\u00e3o vai haver confus\u00e3o. Suelen desanima. Quando Caz\u00e9 vai entrar no quarto de Gloria para devolver a farda, Eurico e Gloria aparecem. Os dois d\u00e3o uma bronca em Caz\u00e9, dizendo que \u00e9 falta de respeito. Carolina assina o papel passando sua parte da GG para Vilma, que assina um papel dizendo que Mercedes maltrata Vivi e Rafa. As duas trocam os documento. <\/p>\n<p>Vilma lembra Carolina que s\u00f3 vai sossegar quando tiver o controle total da GG. Carolina fala que Vilma n\u00e3o far\u00e1 mais mal contra a fam\u00edlia do Pedro, pois vai se afastar deles. Junior e Gabriel encontram Ra\u00edssa no hospital porque ela ter\u00e1 alta. Telma aguarda do lado de fora do hospital, com o carro que Marreta lhe emprestou. Vivi e Rafa surgem na casa de Pedro. Eles dizem que Carolina deu sua parte da GG para Vilma e assim os devolveu para Pedro. <\/p>\n<p>Telma liga para Junior e diz que est\u00e1 na rua e quer se despedir dele. Ele pega uma arma e vai ao encontro de Telma. Carolina revela a Pedro que Vilma jamais far\u00e1 mal a ele e sua fam\u00edlia, pois ela vai embora da vida de Pedro. Junior v\u00ea Telma pensa em mat\u00e1-la. Telma v\u00ea Junior e fala pra si mesma que ele n\u00e3o ficar\u00e1 com Ra\u00edssa.<\/p>\n<p>(*) edi\u00e7\u00e3o da Rede Record, Novela \u201cChamas da Vida\u201d, sujeito a altera\u00e7\u00e3o de data e conte\u00fado.<\/p>\n","protected":false},"excerpt":{"rendered":"<p>Novela \u201cChamas da Vida\u201d resumo 15\/09: Carolina assina o papel passando sua parte da GG para Vilma, que assina um papel dizendo que Mercedes maltrata Vivi e Rafa. As duas trocam os documento. Vilma lembra Carolina que s\u00f3 vai sossegar quando tiver o controle total da GG. Carolina fala que Vilma n\u00e3o far\u00e1 mais mal [&hellip;]<\/p>\n","protected":false},"author":2,"featured_media":82020,"comment_status":"open","ping_status":"closed","sticky":false,"template":"","format":"standard","meta":{"tdm_status":"","tdm_grid_status":"","footnotes":""},"categories":[379,371,343],"tags":[441],"class_list":{"0":"post-95239","1":"post","2":"type-post","3":"status-publish","4":"format-standard","5":"has-post-thumbnail","7":"category-novelas","8":"category-rede-record","9":"category-televisao","10":"tag-resumo-do-dia"},"_links":{"self":[{"href":"https:\/\/migracao.redenoticia.com.br\/noticia\/wp-json\/wp\/v2\/posts\/95239","targetHints":{"allow":["GET"]}}],"collection":[{"href":"https:\/\/migracao.redenoticia.com.br\/noticia\/wp-json\/wp\/v2\/posts"}],"about":[{"href":"https:\/\/migracao.redenoticia.com.br\/noticia\/wp-json\/wp\/v2\/types\/post"}],"author":[{"embeddable":true,"href":"https:\/\/migracao.redenoticia.com.br\/noticia\/wp-json\/wp\/v2\/users\/2"}],"replies":[{"embeddable":true,"href":"https:\/\/migracao.redenoticia.com.br\/noticia\/wp-json\/wp\/v2\/comments?post=95239"}],"version-history":[{"count":0,"href":"https:\/\/migracao.redenoticia.com.br\/noticia\/wp-json\/wp\/v2\/posts\/95239\/revisions"}],"wp:featuredmedia":[{"embeddable":true,"href":"https:\/\/migracao.redenoticia.com.br\/noticia\/wp-json\/wp\/v2\/media\/82020"}],"wp:attachment":[{"href":"https:\/\/migracao.redenoticia.com.br\/noticia\/wp-json\/wp\/v2\/media?parent=95239"}],"wp:term":[{"taxonomy":"category","embeddable":true,"href":"https:\/\/migracao.redenoticia.com.br\/noticia\/wp-json\/wp\/v2\/categories?post=95239"},{"taxonomy":"post_tag","embeddable":true,"href":"https:\/\/migracao.redenoticia.com.br\/noticia\/wp-json\/wp\/v2\/tags?post=95239"}],"curies":[{"name":"wp","href":"https:\/\/api.w.org\/{rel}","templated":true}]}}