{"id":95244,"date":"2016-09-14T21:10:04","date_gmt":"2016-09-15T00:10:04","guid":{"rendered":"http:\/\/www.redenoticia.com.br\/noticia\/?p=95244"},"modified":"2016-09-14T16:43:57","modified_gmt":"2016-09-14T19:43:57","slug":"novela-justica-resumo-1509-rose-decide-morar-com-celso","status":"publish","type":"post","link":"https:\/\/migracao.redenoticia.com.br\/noticia\/2016\/novela-justica-resumo-1509-rose-decide-morar-com-celso\/95244","title":{"rendered":"Novela \u201cJusti\u00e7a\u201d resumo 15\/09: Rose decide morar com Celso"},"content":{"rendered":"<p><img loading=\"lazy\" decoding=\"async\" class=\"alignleft size-thumbnail wp-image-92259\" src=\"https:\/\/migracao.redenoticia.com.br\/noticia\/imagens\/novela_globo_justica_resumo-150x112.jpg\" alt=\"novela_globo_justica_resumo\" width=\"150\" height=\"112\" srcset=\"https:\/\/migracao.redenoticia.com.br\/noticia\/imagens\/novela_globo_justica_resumo-150x112.jpg 150w, https:\/\/migracao.redenoticia.com.br\/noticia\/imagens\/novela_globo_justica_resumo-265x198.jpg 265w\" sizes=\"auto, (max-width: 150px) 100vw, 150px\" \/><strong><em>Novela \u201cJusti\u00e7a\u201d resumo 15\/09 <\/em><\/strong>:\u00a0D\u00e9bora lembra que avistou Oswaldo na rua e se desespera. Mais tarde, D\u00e9bora vai ao pr\u00e9dio de Elisa e consegue um contato de Oswaldo. Depois, D\u00e9bora pede para Marcelo voltar para casa e ele aceita. Rose descobre que est\u00e1 gr\u00e1vida. Celso fica animado com a not\u00edcia de que vai ser pai. Rose decide morar com Celso.<\/p>\n<p>No cap\u00edtulo 015(*), novela \u201cJusti\u00e7a\u201d, quinta-feira, 15 de setembro \u2013 D\u00e9bora lembra que avistou Oswaldo na rua e se desespera. Rose descobre que est\u00e1 gr\u00e1vida. Mayara conta a verdade sobre ela para Rose.<\/p>\n<p>D\u00e9bora vai ao pr\u00e9dio de Elisa e consegue um contato de Oswaldo. Rose conta para Mayara que est\u00e1 gr\u00e1vida. Uma assistente social vai \u00e0 casa de D\u00e9bora e a professora acaba discutindo com Rose.<\/p>\n<p>Celso fica animado com a not\u00edcia de que ser\u00e1 pai. D\u00e9bora pede para Marcelo voltar para casa. Rose decide morar com Celso. Marcelo volta para casa.<\/p>\n<p>(*) edi\u00e7\u00e3o da Rede Globo, Novela \u201cJusti\u00e7a\u201d, sujeito a altera\u00e7\u00e3o de data e conte\u00fado.<\/p>\n","protected":false},"excerpt":{"rendered":"<p>Novela \u201cJusti\u00e7a\u201d resumo 15\/09 :\u00a0D\u00e9bora lembra que avistou Oswaldo na rua e se desespera. Mais tarde, D\u00e9bora vai ao pr\u00e9dio de Elisa e consegue um contato de Oswaldo. Depois, D\u00e9bora pede para Marcelo voltar para casa e ele aceita. Rose descobre que est\u00e1 gr\u00e1vida. Celso fica animado com a not\u00edcia de que vai ser pai. [&hellip;]<\/p>\n","protected":false},"author":4,"featured_media":92259,"comment_status":"open","ping_status":"closed","sticky":false,"template":"","format":"standard","meta":{"tdm_status":"","tdm_grid_status":"","footnotes":""},"categories":[379,375,343],"tags":[441],"class_list":{"0":"post-95244","1":"post","2":"type-post","3":"status-publish","4":"format-standard","5":"has-post-thumbnail","7":"category-novelas","8":"category-rede-globo","9":"category-televisao","10":"tag-resumo-do-dia"},"_links":{"self":[{"href":"https:\/\/migracao.redenoticia.com.br\/noticia\/wp-json\/wp\/v2\/posts\/95244","targetHints":{"allow":["GET"]}}],"collection":[{"href":"https:\/\/migracao.redenoticia.com.br\/noticia\/wp-json\/wp\/v2\/posts"}],"about":[{"href":"https:\/\/migracao.redenoticia.com.br\/noticia\/wp-json\/wp\/v2\/types\/post"}],"author":[{"embeddable":true,"href":"https:\/\/migracao.redenoticia.com.br\/noticia\/wp-json\/wp\/v2\/users\/4"}],"replies":[{"embeddable":true,"href":"https:\/\/migracao.redenoticia.com.br\/noticia\/wp-json\/wp\/v2\/comments?post=95244"}],"version-history":[{"count":0,"href":"https:\/\/migracao.redenoticia.com.br\/noticia\/wp-json\/wp\/v2\/posts\/95244\/revisions"}],"wp:featuredmedia":[{"embeddable":true,"href":"https:\/\/migracao.redenoticia.com.br\/noticia\/wp-json\/wp\/v2\/media\/92259"}],"wp:attachment":[{"href":"https:\/\/migracao.redenoticia.com.br\/noticia\/wp-json\/wp\/v2\/media?parent=95244"}],"wp:term":[{"taxonomy":"category","embeddable":true,"href":"https:\/\/migracao.redenoticia.com.br\/noticia\/wp-json\/wp\/v2\/categories?post=95244"},{"taxonomy":"post_tag","embeddable":true,"href":"https:\/\/migracao.redenoticia.com.br\/noticia\/wp-json\/wp\/v2\/tags?post=95244"}],"curies":[{"name":"wp","href":"https:\/\/api.w.org\/{rel}","templated":true}]}}