{"id":95256,"date":"2016-09-14T17:50:53","date_gmt":"2016-09-14T20:50:53","guid":{"rendered":"http:\/\/www.redenoticia.com.br\/noticia\/?p=95256"},"modified":"2016-09-14T16:32:43","modified_gmt":"2016-09-14T19:32:43","slug":"novela-malhacao-resumo-1509-ricardo-propoe-um-almoco-em-familia-com-tania","status":"publish","type":"post","link":"https:\/\/migracao.redenoticia.com.br\/noticia\/2016\/novela-malhacao-resumo-1509-ricardo-propoe-um-almoco-em-familia-com-tania\/95256","title":{"rendered":"Novela \u201cMalha\u00e7\u00e3o\u201d resumo 15\/09: Jorj\u00e3o reclama da desaten\u00e7\u00e3o de R\u00f4mulo"},"content":{"rendered":"<p><img loading=\"lazy\" decoding=\"async\" class=\"alignleft size-thumbnail wp-image-91715\" src=\"https:\/\/migracao.redenoticia.com.br\/noticia\/imagens\/malhacao_pro_dia_nascer_feliz_resumo_novela-150x112.jpg\" alt=\"malhacao_pro_dia_nascer_feliz_resumo_novela\" width=\"150\" height=\"112\" srcset=\"https:\/\/migracao.redenoticia.com.br\/noticia\/imagens\/malhacao_pro_dia_nascer_feliz_resumo_novela-150x112.jpg 150w, https:\/\/migracao.redenoticia.com.br\/noticia\/imagens\/malhacao_pro_dia_nascer_feliz_resumo_novela-265x198.jpg 265w\" sizes=\"auto, (max-width: 150px) 100vw, 150px\" \/><strong><em>Novela \u201cMalha\u00e7\u00e3o\u201d resumo 15\/09<\/em><\/strong>:\u00a0J\u00e9ssica repara no bom humor da amiga Nanda. Esta diz que se sentiu mais viva ap\u00f3s ir ao cinema com R\u00f4mulo. Emocionada, J\u00e9ssica \u00a0repara que a amiga est\u00e1 mais feliz e diz que estava com saudades da amiga Nanda que n\u00e3o via a muito tempo. Depois, R\u00f4mulo encontra com Nanda e diz que foi muito emocionante ira ao cinema com ela. Nanda acaba por ceder e revela que tamb\u00e9m teve uma noite inesquec\u00edvel, mas que, apesar de tudo, se sente culpada de se sentir feliz. R\u00f4mulo fala para ela n\u00e3o pensar desse jeito e que gostou muito de ter visto o sorriso dela na noite anterior. Instintivamente, ela sorri, simp\u00e1tica e R\u00f4mulo interpreta isso como uma abertura e vai beij\u00e1-la. Mas ela o empurra na mesma hora. Na hora do treino, Jorj\u00e3o reclama da desaten\u00e7\u00e3o de R\u00f4mulo. <\/p>\n<p>No cap\u00edtulo 019(*), novela \u201cMalha\u00e7\u00e3o\u201d, quinta-feira, 15 de setembro \u2013 Tita descobre que Caio conferiu a ficha profissional de Joana. Nanda repreende a atitude de R\u00f4mulo. Joana confirma para Caio que a m\u00e3e dela o conhecia. Jorj\u00e3o reclama da desaten\u00e7\u00e3o de R\u00f4mulo durante o treino. Ricardo viaja com Tita.<\/p>\n<p>Juliana decide promover uma festa em casa. Juliana se incomoda ao ver Lucas com Belinha, e beija Jab\u00e1 para provocar o rapaz. Ricardo interrompe a festa de Juliana.<\/p>\n<p>Ricardo prop\u00f5e um almo\u00e7o em fam\u00edlia com T\u00e2nia. Joana diz a T\u00e2nia que acredita que Caio seja o seu pai.<\/p>\n<p>(*) edi\u00e7\u00e3o da Rede Globo, Novela \u201cMalha\u00e7\u00e3o\u201d, sujeito a altera\u00e7\u00e3o de data e conte\u00fado.<\/p>\n","protected":false},"excerpt":{"rendered":"<p>Novela \u201cMalha\u00e7\u00e3o\u201d resumo 15\/09:\u00a0J\u00e9ssica repara no bom humor da amiga Nanda. Esta diz que se sentiu mais viva ap\u00f3s ir ao cinema com R\u00f4mulo. Emocionada, J\u00e9ssica \u00a0repara que a amiga est\u00e1 mais feliz e diz que estava com saudades da amiga Nanda que n\u00e3o via a muito tempo. Depois, R\u00f4mulo encontra com Nanda e diz [&hellip;]<\/p>\n","protected":false},"author":4,"featured_media":91715,"comment_status":"open","ping_status":"closed","sticky":false,"template":"","format":"standard","meta":{"tdm_status":"","tdm_grid_status":"","footnotes":""},"categories":[447,379,375,343],"tags":[441],"class_list":{"0":"post-95256","1":"post","2":"type-post","3":"status-publish","4":"format-standard","5":"has-post-thumbnail","7":"category-malhacao","8":"category-novelas","9":"category-rede-globo","10":"category-televisao","11":"tag-resumo-do-dia"},"_links":{"self":[{"href":"https:\/\/migracao.redenoticia.com.br\/noticia\/wp-json\/wp\/v2\/posts\/95256","targetHints":{"allow":["GET"]}}],"collection":[{"href":"https:\/\/migracao.redenoticia.com.br\/noticia\/wp-json\/wp\/v2\/posts"}],"about":[{"href":"https:\/\/migracao.redenoticia.com.br\/noticia\/wp-json\/wp\/v2\/types\/post"}],"author":[{"embeddable":true,"href":"https:\/\/migracao.redenoticia.com.br\/noticia\/wp-json\/wp\/v2\/users\/4"}],"replies":[{"embeddable":true,"href":"https:\/\/migracao.redenoticia.com.br\/noticia\/wp-json\/wp\/v2\/comments?post=95256"}],"version-history":[{"count":0,"href":"https:\/\/migracao.redenoticia.com.br\/noticia\/wp-json\/wp\/v2\/posts\/95256\/revisions"}],"wp:featuredmedia":[{"embeddable":true,"href":"https:\/\/migracao.redenoticia.com.br\/noticia\/wp-json\/wp\/v2\/media\/91715"}],"wp:attachment":[{"href":"https:\/\/migracao.redenoticia.com.br\/noticia\/wp-json\/wp\/v2\/media?parent=95256"}],"wp:term":[{"taxonomy":"category","embeddable":true,"href":"https:\/\/migracao.redenoticia.com.br\/noticia\/wp-json\/wp\/v2\/categories?post=95256"},{"taxonomy":"post_tag","embeddable":true,"href":"https:\/\/migracao.redenoticia.com.br\/noticia\/wp-json\/wp\/v2\/tags?post=95256"}],"curies":[{"name":"wp","href":"https:\/\/api.w.org\/{rel}","templated":true}]}}