{"id":95260,"date":"2016-09-14T20:25:59","date_gmt":"2016-09-14T23:25:59","guid":{"rendered":"http:\/\/www.redenoticia.com.br\/noticia\/?p=95260"},"modified":"2016-09-14T16:41:50","modified_gmt":"2016-09-14T19:41:50","slug":"novela-chiquititas-resumo-1509-junior-vai-ate-a-loja-da-cafe-boutique","status":"publish","type":"post","link":"https:\/\/migracao.redenoticia.com.br\/noticia\/2016\/novela-chiquititas-resumo-1509-junior-vai-ate-a-loja-da-cafe-boutique\/95260","title":{"rendered":"Novela \u201cChiquititas\u201d resumo 15\/09: Junior vai at\u00e9 a loja da Caf\u00e9 Boutique"},"content":{"rendered":"<p><img loading=\"lazy\" decoding=\"async\" class=\"alignleft size-thumbnail wp-image-57144\" src=\"http:\/\/cdn.redenoticia.com.br\/noticia\/imagens\/\/2014\/08\/chiquititas-resumo-novela-sbt-150x150.png\" alt=\"chiquititas-resumo-novela-sbt\" width=\"112\" height=\"112\" \/><strong><em>Novela \u201cChiquititas\u201d resumo 15\/09<\/em><\/strong>:\u00a0Junior vai at\u00e9 a loja da Caf\u00e9 Boutique. Carol atende Junior. Ele pede desculpa para a atendente por ter sido grosso e Carol pede desculpa por ter derrubado doce em cima dele. Depois, Carol diz para Clarita e Let\u00edcia que esse \u00e9 o rapaz ranzinza do elevador. Let\u00edcia diz que ele \u00e9 o filho de Jos\u00e9 Ricardo. Carol fica apreensiva. J\u00e1 est\u00e1 de noite e o Caf\u00e9 Boutique pronto para fechar, mas Junior ainda est\u00e1 l\u00e1. O rapaz perdeu a hora trabalhando no notebook. Carol diz que ele pode ficar l\u00e1 se quiser e aproveita para pedir desculpa por n\u00e3o saber que ele era filho do patr\u00e3o. Junior diz que n\u00e3o precisa pedir desculpa, pois isso n\u00e3o faz dele melhor do que ningu\u00e9m. <\/p>\n<p>No cap\u00edtulo 004(*), novela \u201cChiquititas\u201d, quinta-feira, 15 de setembro \u2013 Pa\u00e7oca aparece e pede parte do dinheiro que eles arrecadam com a dan\u00e7a. Eles dizem que n\u00e3o v\u00e3o dar nada. O menino diz que isso n\u00e3o ficar\u00e1 assim, pois sabe o beco em que eles moram. Junior vai at\u00e9 a loja da Caf\u00e9 Boutique. Carol atende Junior. Ele pede desculpa para a atendente por ter sido grosso e Carol pede desculpa por ter derrubado doce em cima dele. Carol diz para Clarita e Let\u00edcia que esse \u00e9 o rapaz ranzinza do elevador.<\/p>\n<p>Let\u00edcia diz que ele \u00e9 o filho de Jos\u00e9 Ricardo. Carol fica apreensiva. Eduarda tamb\u00e9m vai at\u00e9 a loja e v\u00ea Junior. Ela liga para Maria Cec\u00edlia e pede para que a filha des\u00e7a para a loja imediatamente. Eduarda vai falar com Junior. No p\u00e1tio do orfanato, as meninas ficam tristes por Junior n\u00e3o adotar ningu\u00e9m. As meninas estranham que Mili est\u00e1 triste e que foi a \u00fanica que n\u00e3o fez nada para chamar a aten\u00e7\u00e3o de Junior. Bia diz que a amiga est\u00e1 assim, pois \u00e9 a mais velha e nunca ser\u00e1 adotada. Mili fala para a Bia cuidar da vida dela.<\/p>\n<p>As meninas tentam apartar a discuss\u00e3o. Eduarda diz a Junior que al\u00e9m de modelo j\u00e1 foi miss. Clarita, como sempre muito atrapalhada, prepara o pedido errado de Eduarda e Carol acaba levando uma chamada de aten\u00e7\u00e3o. J\u00e1 est\u00e1 de noite e o Caf\u00e9 Boutique pronto para fechar, mas Junior ainda est\u00e1 l\u00e1. O rapaz perdeu a hora trabalhando no notebook. Carol diz que ele pode ficar l\u00e1 se quiser e aproveita para pedir desculpa por n\u00e3o saber que ele era filho do patr\u00e3o. Junior diz que n\u00e3o precisa pedir desculpa, pois isso n\u00e3o faz dele melhor do que ningu\u00e9m.<\/p>\n<p>(*) edi\u00e7\u00e3o do SBT, Novela \u201cChiquititas\u201d, sujeito a altera\u00e7\u00e3o de data e conte\u00fado.<\/p>\n","protected":false},"excerpt":{"rendered":"<p>Novela \u201cChiquititas\u201d resumo 15\/09:\u00a0Junior vai at\u00e9 a loja da Caf\u00e9 Boutique. Carol atende Junior. Ele pede desculpa para a atendente por ter sido grosso e Carol pede desculpa por ter derrubado doce em cima dele. Depois, Carol diz para Clarita e Let\u00edcia que esse \u00e9 o rapaz ranzinza do elevador. Let\u00edcia diz que ele \u00e9 [&hellip;]<\/p>\n","protected":false},"author":4,"featured_media":49690,"comment_status":"open","ping_status":"closed","sticky":false,"template":"","format":"standard","meta":{"tdm_status":"","tdm_grid_status":"","footnotes":""},"categories":[409,379,372,343],"tags":[441],"class_list":{"0":"post-95260","1":"post","2":"type-post","3":"status-publish","4":"format-standard","5":"has-post-thumbnail","7":"category-chiquititas","8":"category-novelas","9":"category-sbt","10":"category-televisao","11":"tag-resumo-do-dia"},"_links":{"self":[{"href":"https:\/\/migracao.redenoticia.com.br\/noticia\/wp-json\/wp\/v2\/posts\/95260","targetHints":{"allow":["GET"]}}],"collection":[{"href":"https:\/\/migracao.redenoticia.com.br\/noticia\/wp-json\/wp\/v2\/posts"}],"about":[{"href":"https:\/\/migracao.redenoticia.com.br\/noticia\/wp-json\/wp\/v2\/types\/post"}],"author":[{"embeddable":true,"href":"https:\/\/migracao.redenoticia.com.br\/noticia\/wp-json\/wp\/v2\/users\/4"}],"replies":[{"embeddable":true,"href":"https:\/\/migracao.redenoticia.com.br\/noticia\/wp-json\/wp\/v2\/comments?post=95260"}],"version-history":[{"count":0,"href":"https:\/\/migracao.redenoticia.com.br\/noticia\/wp-json\/wp\/v2\/posts\/95260\/revisions"}],"wp:featuredmedia":[{"embeddable":true,"href":"https:\/\/migracao.redenoticia.com.br\/noticia\/wp-json\/wp\/v2\/media\/49690"}],"wp:attachment":[{"href":"https:\/\/migracao.redenoticia.com.br\/noticia\/wp-json\/wp\/v2\/media?parent=95260"}],"wp:term":[{"taxonomy":"category","embeddable":true,"href":"https:\/\/migracao.redenoticia.com.br\/noticia\/wp-json\/wp\/v2\/categories?post=95260"},{"taxonomy":"post_tag","embeddable":true,"href":"https:\/\/migracao.redenoticia.com.br\/noticia\/wp-json\/wp\/v2\/tags?post=95260"}],"curies":[{"name":"wp","href":"https:\/\/api.w.org\/{rel}","templated":true}]}}