{"id":95267,"date":"2016-09-14T17:15:56","date_gmt":"2016-09-14T20:15:56","guid":{"rendered":"http:\/\/www.redenoticia.com.br\/noticia\/?p=95267"},"modified":"2016-09-14T16:30:54","modified_gmt":"2016-09-14T19:30:54","slug":"novela-abismo-da-paixao-resumo-1509-damiao-le-a-carta-de-florencia-e-assim-descobre-que-ela-nunca-esteve-gravida","status":"publish","type":"post","link":"https:\/\/migracao.redenoticia.com.br\/noticia\/2016\/novela-abismo-da-paixao-resumo-1509-damiao-le-a-carta-de-florencia-e-assim-descobre-que-ela-nunca-esteve-gravida\/95267","title":{"rendered":"Novela \u201cAbismo da Paix\u00e3o\u201d resumo 15\/09: Dami\u00e3o l\u00ea a carta de Flor\u00eancia"},"content":{"rendered":"<p><img loading=\"lazy\" decoding=\"async\" class=\"alignleft size-thumbnail wp-image-81978\" src=\"https:\/\/migracao.redenoticia.com.br\/noticia\/imagens\/abismo_de_paixao_sbt_resumo_novela-150x112.jpg\" alt=\"abismo_de_paixao_sbt_resumo_novela\" width=\"150\" height=\"112\" srcset=\"https:\/\/migracao.redenoticia.com.br\/noticia\/imagens\/abismo_de_paixao_sbt_resumo_novela-150x112.jpg 150w, https:\/\/migracao.redenoticia.com.br\/noticia\/imagens\/abismo_de_paixao_sbt_resumo_novela-265x198.jpg 265w\" sizes=\"auto, (max-width: 150px) 100vw, 150px\" \/><strong><em>Novela \u201cAbismo da Paix\u00e3o\u201d resumo 15\/09<\/em><\/strong>:\u00a0Gael e Elisa est\u00e3o a se casar quando Dami\u00e3o chega para impedi-los. Ele amea\u00e7a Gael com um revolver e ordena Elisa que suba no cavalo. Elisa obedece e eles partem. Gael, desesperado, busca por Elisa e Dami\u00e3o em todo povoado. Em uma cabana afastada, Elisa mente para Dami\u00e3o e diz que n\u00e3o quer estar com ele por amar Gael, e pede para libert\u00e1-la. Logo depois, Dami\u00e3o l\u00ea a carta de Flor\u00eancia, descobre que ela nunca esteve gr\u00e1vida e que tudo que ela fez foi um plano armado por Almerinda. <\/p>\n<p>No cap\u00edtulo 124 (*), novela \u201cAbismo da Paix\u00e3o\u201d, quinta-feira, 15 de setembro \u2013 Em uma cabana afastada do povoado, Elisa mente para Dami\u00e3o dizendo o que n\u00e3o quer estar com ele por amar Gael e pede para libert\u00e1-la. Dami\u00e3o l\u00ea a carta de Flor\u00eancia e assim descobre que ela nunca esteve gr\u00e1vida e que tudo que ela fez foi um plano armado por Almerinda.<\/p>\n<p>Flor\u00eancia procura Henrique para explicar que nunca esteve gr\u00e1vida e tudo foi uma inven\u00e7\u00e3o que se viu obrigada a seguir por causa das circunstancias, pois Almerinda a aprisionava.<\/p>\n<p>Ela pede perd\u00e3o e uma oportunidade para mostrar-lhe que o ama. Paulo procura Carmem na fazenda e abusa dela para vingar se das humilha\u00e7\u00f5es pelas quais o fez passar.<\/p>\n<p>(*) edi\u00e7\u00e3o do SBT, Novela \u201cAbismo da Paix\u00e3o\u201d, sujeito a altera\u00e7\u00e3o de data e conte\u00fado.<\/p>\n","protected":false},"excerpt":{"rendered":"<p>Novela \u201cAbismo da Paix\u00e3o\u201d resumo 15\/09:\u00a0Gael e Elisa est\u00e3o a se casar quando Dami\u00e3o chega para impedi-los. Ele amea\u00e7a Gael com um revolver e ordena Elisa que suba no cavalo. Elisa obedece e eles partem. Gael, desesperado, busca por Elisa e Dami\u00e3o em todo povoado. Em uma cabana afastada, Elisa mente para Dami\u00e3o e diz [&hellip;]<\/p>\n","protected":false},"author":4,"featured_media":81978,"comment_status":"open","ping_status":"closed","sticky":false,"template":"","format":"standard","meta":{"tdm_status":"","tdm_grid_status":"","footnotes":""},"categories":[379,372,343],"tags":[],"class_list":{"0":"post-95267","1":"post","2":"type-post","3":"status-publish","4":"format-standard","5":"has-post-thumbnail","7":"category-novelas","8":"category-sbt","9":"category-televisao"},"_links":{"self":[{"href":"https:\/\/migracao.redenoticia.com.br\/noticia\/wp-json\/wp\/v2\/posts\/95267","targetHints":{"allow":["GET"]}}],"collection":[{"href":"https:\/\/migracao.redenoticia.com.br\/noticia\/wp-json\/wp\/v2\/posts"}],"about":[{"href":"https:\/\/migracao.redenoticia.com.br\/noticia\/wp-json\/wp\/v2\/types\/post"}],"author":[{"embeddable":true,"href":"https:\/\/migracao.redenoticia.com.br\/noticia\/wp-json\/wp\/v2\/users\/4"}],"replies":[{"embeddable":true,"href":"https:\/\/migracao.redenoticia.com.br\/noticia\/wp-json\/wp\/v2\/comments?post=95267"}],"version-history":[{"count":0,"href":"https:\/\/migracao.redenoticia.com.br\/noticia\/wp-json\/wp\/v2\/posts\/95267\/revisions"}],"wp:featuredmedia":[{"embeddable":true,"href":"https:\/\/migracao.redenoticia.com.br\/noticia\/wp-json\/wp\/v2\/media\/81978"}],"wp:attachment":[{"href":"https:\/\/migracao.redenoticia.com.br\/noticia\/wp-json\/wp\/v2\/media?parent=95267"}],"wp:term":[{"taxonomy":"category","embeddable":true,"href":"https:\/\/migracao.redenoticia.com.br\/noticia\/wp-json\/wp\/v2\/categories?post=95267"},{"taxonomy":"post_tag","embeddable":true,"href":"https:\/\/migracao.redenoticia.com.br\/noticia\/wp-json\/wp\/v2\/tags?post=95267"}],"curies":[{"name":"wp","href":"https:\/\/api.w.org\/{rel}","templated":true}]}}