{"id":95269,"date":"2016-09-14T16:15:11","date_gmt":"2016-09-14T19:15:11","guid":{"rendered":"http:\/\/www.redenoticia.com.br\/noticia\/?p=95269"},"modified":"2016-09-14T16:27:31","modified_gmt":"2016-09-14T19:27:31","slug":"novela-mar-de-amor-resumo-1509-estrela-decide-ir-a-universidade-e-seguir-focada-nos-estudos","status":"publish","type":"post","link":"https:\/\/migracao.redenoticia.com.br\/noticia\/2016\/novela-mar-de-amor-resumo-1509-estrela-decide-ir-a-universidade-e-seguir-focada-nos-estudos\/95269","title":{"rendered":"Novela \u201cMar de Amor\u201d resumo 15\/09: Estrela v\u00ea Mercedes visitar Victor"},"content":{"rendered":"<p><img loading=\"lazy\" decoding=\"async\" class=\"alignleft size-thumbnail wp-image-86321\" src=\"https:\/\/migracao.redenoticia.com.br\/noticia\/imagens\/Mar_de_Amor_SBT_resumo_novela-150x112.jpg\" alt=\"Mar_de_Amor_SBT_resumo_novela\" width=\"150\" height=\"112\" srcset=\"https:\/\/migracao.redenoticia.com.br\/noticia\/imagens\/Mar_de_Amor_SBT_resumo_novela-150x112.jpg 150w, https:\/\/migracao.redenoticia.com.br\/noticia\/imagens\/Mar_de_Amor_SBT_resumo_novela-265x198.jpg 265w\" sizes=\"auto, (max-width: 150px) 100vw, 150px\" \/><strong><em>Novela \u201cMar de Amor\u201d resumo 15\/09<\/em><\/strong>:\u00a0Victor Manuel \u00e9 o principal suspeito da morte de Hernan. Assim, \u00e9 dada a ordem de leva-lo para o pres\u00eddio. Victor e Estrela juram amor, mutuamente. No pres\u00eddio, Victor divide uma cela com Salvador. Estrela segue triste. Coral diz esperar que Victor seja condenado a pelo menos cinquenta anos e, assim, jamais vai ter tempo de viver com ela. Mais tarde, Estrela v\u00ea Mercedes visitar Victor. Triste, Estrela nem o avisa que esteve l\u00e1 para visit\u00e1-lo. Ent\u00e3o, Estrela decide ir \u00e0 universidade e seguir focada nos estudos, para tentar se distrair. <\/p>\n<p>No cap\u00edtulo 089(*), novela \u201cMar de Amor\u201d, quinta-feira, 15 de setembro \u2013 Victor Manuel est\u00e1 dividindo uma cela com Salvador. Estrela segue triste, e Coral a diz esperar que Victor seja condenado a pelo menos cinquenta anos, pois assim jamais ter\u00e1 tempo de viver com Estrela. Coral segue gritando aos quatro ventos que tem certeza que foi Victor quem matou Hernan. In\u00eas, a enfermeira, quer o milh\u00e3o de d\u00f3lares de Coral para n\u00e3o entreg\u00e1-la.<\/p>\n<p>Coral diz a Leon que eles precisam conseguir essa quantia com urg\u00eancia. Os desmaios e dores de cabe\u00e7a de Coral ficam cada vez mais frequentes, mas ela segue se negando a fazer um exame. O advogado segue defendendo Victor e Salvador, mas v\u00ea que tudo aponta para Victor como assassino de Hernan.<\/p>\n<p>Cacilda tem um pressentimento que foi Guilhermo quem matou Hernan. Obviamente, ele nega a acusa\u00e7\u00e3o. Tilico sente falta de seu \u201cpai\u201d, mas Luz e Moharidas n\u00e3o revelam o verdadeiro motivo dele n\u00e3o estar mais ali. Estrela v\u00ea Mercedes indo visitar Victor. Triste, Estrela nem avisa a Victor que esteve l\u00e1 para visit\u00e1-lo. Estrela decide ir a universidade e seguir focada nos estudos, para tentar se distrair.<\/p>\n<p>(*) edi\u00e7\u00e3o do SBT, Novela \u201cMar de Amor\u201d, sujeito a altera\u00e7\u00e3o de data e conte\u00fado.<\/p>\n","protected":false},"excerpt":{"rendered":"<p>Novela \u201cMar de Amor\u201d resumo 15\/09:\u00a0Victor Manuel \u00e9 o principal suspeito da morte de Hernan. Assim, \u00e9 dada a ordem de leva-lo para o pres\u00eddio. Victor e Estrela juram amor, mutuamente. No pres\u00eddio, Victor divide uma cela com Salvador. Estrela segue triste. Coral diz esperar que Victor seja condenado a pelo menos cinquenta anos e, [&hellip;]<\/p>\n","protected":false},"author":4,"featured_media":86321,"comment_status":"open","ping_status":"closed","sticky":false,"template":"","format":"standard","meta":{"tdm_status":"","tdm_grid_status":"","footnotes":""},"categories":[379,372,343],"tags":[441],"class_list":{"0":"post-95269","1":"post","2":"type-post","3":"status-publish","4":"format-standard","5":"has-post-thumbnail","7":"category-novelas","8":"category-sbt","9":"category-televisao","10":"tag-resumo-do-dia"},"_links":{"self":[{"href":"https:\/\/migracao.redenoticia.com.br\/noticia\/wp-json\/wp\/v2\/posts\/95269","targetHints":{"allow":["GET"]}}],"collection":[{"href":"https:\/\/migracao.redenoticia.com.br\/noticia\/wp-json\/wp\/v2\/posts"}],"about":[{"href":"https:\/\/migracao.redenoticia.com.br\/noticia\/wp-json\/wp\/v2\/types\/post"}],"author":[{"embeddable":true,"href":"https:\/\/migracao.redenoticia.com.br\/noticia\/wp-json\/wp\/v2\/users\/4"}],"replies":[{"embeddable":true,"href":"https:\/\/migracao.redenoticia.com.br\/noticia\/wp-json\/wp\/v2\/comments?post=95269"}],"version-history":[{"count":0,"href":"https:\/\/migracao.redenoticia.com.br\/noticia\/wp-json\/wp\/v2\/posts\/95269\/revisions"}],"wp:featuredmedia":[{"embeddable":true,"href":"https:\/\/migracao.redenoticia.com.br\/noticia\/wp-json\/wp\/v2\/media\/86321"}],"wp:attachment":[{"href":"https:\/\/migracao.redenoticia.com.br\/noticia\/wp-json\/wp\/v2\/media?parent=95269"}],"wp:term":[{"taxonomy":"category","embeddable":true,"href":"https:\/\/migracao.redenoticia.com.br\/noticia\/wp-json\/wp\/v2\/categories?post=95269"},{"taxonomy":"post_tag","embeddable":true,"href":"https:\/\/migracao.redenoticia.com.br\/noticia\/wp-json\/wp\/v2\/tags?post=95269"}],"curies":[{"name":"wp","href":"https:\/\/api.w.org\/{rel}","templated":true}]}}