{"id":95306,"date":"2016-09-15T06:39:18","date_gmt":"2016-09-15T09:39:18","guid":{"rendered":"http:\/\/www.redenoticia.com.br\/noticia\/?p=95306"},"modified":"2016-09-14T19:40:36","modified_gmt":"2016-09-14T22:40:36","slug":"treinamento-tecnico-em-ciencia-da-computacao-com-bolsa-da-fapesp","status":"publish","type":"post","link":"https:\/\/migracao.redenoticia.com.br\/noticia\/2016\/treinamento-tecnico-em-ciencia-da-computacao-com-bolsa-da-fapesp\/95306","title":{"rendered":"Treinamento T\u00e9cnico em Ci\u00eancia da Computa\u00e7\u00e3o com bolsa da FAPESP"},"content":{"rendered":"<p> Ag\u00eancia FAPESP \u2013 A Advance Solu\u00e7\u00f5es em Inform\u00e1tica Ltda., pelo Programa FAPESP Pesquisa Inovativa em Pequenas Empresas (PIPE), est\u00e1 selecionando candidatos a uma vaga de <strong><em>Treinamento T\u00e9cnico em Ci\u00eancia da Computa\u00e7\u00e3o<\/em><\/strong>. Inscri\u00e7\u00f5es ser\u00e3o recebidas at\u00e9 o dia 15 de setembro.<\/p>\n<p>O selecionado receber\u00e1 bolsa da Funda\u00e7\u00e3o e integrar\u00e1 a pesquisa \u201cAirkey &#8211; Controle de acesso social utilizando dispositivos m\u00f3veis\u201d, coordenada pelo professor . As atividades, voltadas a pesquisa e desenvolvimento web utilizando RubyOnRails, ser\u00e3o realizadas na cidade de Campinas (SP).<\/p>\n<p>Para concorrer \u00e0 bolsa, a ser concedida na modalidade TT-4A, \u00e9 necess\u00e1rio ter quatro anos de experi\u00eancia no mercado, boa forma\u00e7\u00e3o acad\u00eamica e conhecimento t\u00e9cnico em desenvolvimento de softwares utilizando frameworks MVC.<\/p>\n<p>Para inscri\u00e7\u00f5es e mais informa\u00e7\u00f5es, os interessados devem entrar em contato pelo telefone (19) 3287-6678 ou via e-mail\u00a0vagas@magikey.com.br.<\/p>\n<p>A oportunidade est\u00e1 publicada no endere\u00e7o .<\/p>\n<p>Informa\u00e7\u00f5es sobre os n\u00edveis de bolsas de Treinamento T\u00e9cnico est\u00e3o dispon\u00edveis em  e sobre os valores praticados pela FAPESP, em .<\/p>\n<p>Outras vagas de bolsas, em diversas \u00e1reas do conhecimento, est\u00e3o no site .<\/p>\n","protected":false},"excerpt":{"rendered":"<p>Ag\u00eancia FAPESP \u2013 A Advance Solu\u00e7\u00f5es em Inform\u00e1tica Ltda., pelo Programa FAPESP Pesquisa Inovativa em Pequenas Empresas (PIPE), est\u00e1 selecionando candidatos a uma vaga de Treinamento T\u00e9cnico em Ci\u00eancia da Computa\u00e7\u00e3o. Inscri\u00e7\u00f5es ser\u00e3o recebidas at\u00e9 o dia 15 de setembro. O selecionado receber\u00e1 bolsa da Funda\u00e7\u00e3o e integrar\u00e1 a pesquisa \u201cAirkey &#8211; Controle de acesso [&hellip;]<\/p>\n","protected":false},"author":2,"featured_media":37419,"comment_status":"open","ping_status":"closed","sticky":false,"template":"","format":"standard","meta":{"tdm_status":"","tdm_grid_status":"","footnotes":""},"categories":[22,351,370],"tags":[],"class_list":{"0":"post-95306","1":"post","2":"type-post","3":"status-publish","4":"format-standard","5":"has-post-thumbnail","7":"category-brasil","8":"category-cursos","9":"category-inscricao"},"_links":{"self":[{"href":"https:\/\/migracao.redenoticia.com.br\/noticia\/wp-json\/wp\/v2\/posts\/95306","targetHints":{"allow":["GET"]}}],"collection":[{"href":"https:\/\/migracao.redenoticia.com.br\/noticia\/wp-json\/wp\/v2\/posts"}],"about":[{"href":"https:\/\/migracao.redenoticia.com.br\/noticia\/wp-json\/wp\/v2\/types\/post"}],"author":[{"embeddable":true,"href":"https:\/\/migracao.redenoticia.com.br\/noticia\/wp-json\/wp\/v2\/users\/2"}],"replies":[{"embeddable":true,"href":"https:\/\/migracao.redenoticia.com.br\/noticia\/wp-json\/wp\/v2\/comments?post=95306"}],"version-history":[{"count":0,"href":"https:\/\/migracao.redenoticia.com.br\/noticia\/wp-json\/wp\/v2\/posts\/95306\/revisions"}],"wp:featuredmedia":[{"embeddable":true,"href":"https:\/\/migracao.redenoticia.com.br\/noticia\/wp-json\/wp\/v2\/media\/37419"}],"wp:attachment":[{"href":"https:\/\/migracao.redenoticia.com.br\/noticia\/wp-json\/wp\/v2\/media?parent=95306"}],"wp:term":[{"taxonomy":"category","embeddable":true,"href":"https:\/\/migracao.redenoticia.com.br\/noticia\/wp-json\/wp\/v2\/categories?post=95306"},{"taxonomy":"post_tag","embeddable":true,"href":"https:\/\/migracao.redenoticia.com.br\/noticia\/wp-json\/wp\/v2\/tags?post=95306"}],"curies":[{"name":"wp","href":"https:\/\/api.w.org\/{rel}","templated":true}]}}