{"id":95334,"date":"2016-09-15T21:10:13","date_gmt":"2016-09-16T00:10:13","guid":{"rendered":"http:\/\/www.redenoticia.com.br\/noticia\/?p=95334"},"modified":"2016-09-15T18:27:19","modified_gmt":"2016-09-15T21:27:19","slug":"novela-justica-resumo-1609-kellen-cria-confusao-com-celso","status":"publish","type":"post","link":"https:\/\/migracao.redenoticia.com.br\/noticia\/2016\/novela-justica-resumo-1609-kellen-cria-confusao-com-celso\/95334","title":{"rendered":"Novela \u201cJusti\u00e7a\u201d resumo 16\/09: Kellen cria confus\u00e3o com Celso"},"content":{"rendered":"<p><img loading=\"lazy\" decoding=\"async\" class=\"alignleft size-thumbnail wp-image-92259\" src=\"https:\/\/migracao.redenoticia.com.br\/noticia\/imagens\/novela_globo_justica_resumo-150x112.jpg\" alt=\"novela_globo_justica_resumo\" width=\"150\" height=\"112\" srcset=\"https:\/\/migracao.redenoticia.com.br\/noticia\/imagens\/novela_globo_justica_resumo-150x112.jpg 150w, https:\/\/migracao.redenoticia.com.br\/noticia\/imagens\/novela_globo_justica_resumo-265x198.jpg 265w\" sizes=\"auto, (max-width: 150px) 100vw, 150px\" \/><strong><em>Novela \u201cJusti\u00e7a\u201d resumo 16\/09 <\/em><\/strong>:\u00a0Kellen cria confus\u00e3o com Celso por conta da gravidez de Rose e acaba expulsa da casa do patr\u00e3o. O dono do prost\u00edbulo a mant\u00e9m na ger\u00eancia da sauna, mas a exclui de sua vida amorosa ao afirmar que eles nunca foram um casal. Humilhada, ela se aloja no quarto em que todas as prostitutas dormem e jura vingan\u00e7a.<\/p>\n<p>No cap\u00edtulo 016(*), novela \u201cJusti\u00e7a\u201d, sexta-feira, 16 de setembro \u2013 Maur\u00edcio registra um depoimento de V\u00e2nia. Antenor se diverte na boate com Mayara. Celso manda Kellen sair de seu quarto.<\/p>\n<p>V\u00e2nia se insinua para Maur\u00edcio na frente de Antenor, que a ignora. Kellen v\u00ea Mayara e Rose juntas e fica furiosa. Durante um debate, o registro feito por Lucy \u00e9 exibido e Antenor se desespera.<\/p>\n<p>V\u00e2nia tenta falar com Maur\u00edcio e se preocupa com sua seguran\u00e7a. Maur\u00edcio assiste ao debate na televis\u00e3o.<\/p>\n<p>(*) edi\u00e7\u00e3o da Rede Globo, Novela \u201cJusti\u00e7a\u201d, sujeito a altera\u00e7\u00e3o de data e conte\u00fado.<\/p>\n","protected":false},"excerpt":{"rendered":"<p>Novela \u201cJusti\u00e7a\u201d resumo 16\/09 :\u00a0Kellen cria confus\u00e3o com Celso por conta da gravidez de Rose e acaba expulsa da casa do patr\u00e3o. O dono do prost\u00edbulo a mant\u00e9m na ger\u00eancia da sauna, mas a exclui de sua vida amorosa ao afirmar que eles nunca foram um casal. Humilhada, ela se aloja no quarto em que [&hellip;]<\/p>\n","protected":false},"author":4,"featured_media":92259,"comment_status":"open","ping_status":"closed","sticky":false,"template":"","format":"standard","meta":{"tdm_status":"","tdm_grid_status":"","footnotes":""},"categories":[379,375,343],"tags":[441],"class_list":{"0":"post-95334","1":"post","2":"type-post","3":"status-publish","4":"format-standard","5":"has-post-thumbnail","7":"category-novelas","8":"category-rede-globo","9":"category-televisao","10":"tag-resumo-do-dia"},"_links":{"self":[{"href":"https:\/\/migracao.redenoticia.com.br\/noticia\/wp-json\/wp\/v2\/posts\/95334","targetHints":{"allow":["GET"]}}],"collection":[{"href":"https:\/\/migracao.redenoticia.com.br\/noticia\/wp-json\/wp\/v2\/posts"}],"about":[{"href":"https:\/\/migracao.redenoticia.com.br\/noticia\/wp-json\/wp\/v2\/types\/post"}],"author":[{"embeddable":true,"href":"https:\/\/migracao.redenoticia.com.br\/noticia\/wp-json\/wp\/v2\/users\/4"}],"replies":[{"embeddable":true,"href":"https:\/\/migracao.redenoticia.com.br\/noticia\/wp-json\/wp\/v2\/comments?post=95334"}],"version-history":[{"count":0,"href":"https:\/\/migracao.redenoticia.com.br\/noticia\/wp-json\/wp\/v2\/posts\/95334\/revisions"}],"wp:featuredmedia":[{"embeddable":true,"href":"https:\/\/migracao.redenoticia.com.br\/noticia\/wp-json\/wp\/v2\/media\/92259"}],"wp:attachment":[{"href":"https:\/\/migracao.redenoticia.com.br\/noticia\/wp-json\/wp\/v2\/media?parent=95334"}],"wp:term":[{"taxonomy":"category","embeddable":true,"href":"https:\/\/migracao.redenoticia.com.br\/noticia\/wp-json\/wp\/v2\/categories?post=95334"},{"taxonomy":"post_tag","embeddable":true,"href":"https:\/\/migracao.redenoticia.com.br\/noticia\/wp-json\/wp\/v2\/tags?post=95334"}],"curies":[{"name":"wp","href":"https:\/\/api.w.org\/{rel}","templated":true}]}}