{"id":95336,"date":"2016-09-15T21:00:05","date_gmt":"2016-09-16T00:00:05","guid":{"rendered":"http:\/\/www.redenoticia.com.br\/noticia\/?p=95336"},"modified":"2016-09-15T18:26:38","modified_gmt":"2016-09-15T21:26:38","slug":"novela-velho-chico-resumo-1609-afranio-revela-que-sofreu-muito-com-a-injustica","status":"publish","type":"post","link":"https:\/\/migracao.redenoticia.com.br\/noticia\/2016\/novela-velho-chico-resumo-1609-afranio-revela-que-sofreu-muito-com-a-injustica\/95336","title":{"rendered":"Novela \u201cVelho Chico\u201d resumo 16\/09: Afr\u00e2nio revela que sofreu muito com a injusti\u00e7a"},"content":{"rendered":"<p><img loading=\"lazy\" decoding=\"async\" class=\"alignleft size-thumbnail wp-image-82169\" src=\"https:\/\/migracao.redenoticia.com.br\/noticia\/imagens\/velho_chico_novela_resumo_globo-150x112.jpg\" alt=\"velho_chico_novela_resumo_globo\" width=\"150\" height=\"112\" srcset=\"https:\/\/migracao.redenoticia.com.br\/noticia\/imagens\/velho_chico_novela_resumo_globo-150x112.jpg 150w, https:\/\/migracao.redenoticia.com.br\/noticia\/imagens\/velho_chico_novela_resumo_globo-265x198.jpg 265w\" sizes=\"auto, (max-width: 150px) 100vw, 150px\" \/><strong><em>Novela \u201cVelho Chico\u201d resumo 16\/09<\/em><\/strong>:\u00a0Encarna\u00e7\u00e3o conversa com Afr\u00e2nio e reconhece o valor de seu filho. Ela o parabeniza por nunca ter tirado a vida de ningu\u00e9m, de n\u00e3o ter uma s\u00f3 morte nas costas. Encarna\u00e7\u00e3o diz que ele fez mais do que o pai sonhou em fazer um dia, sem derrubar uma gota de sangue. Afr\u00e2nio revela que sofreu muito com a injusti\u00e7a cometida por todos.\u00a0Enquanto isso, ap\u00f3s enfrentar C\u00edcero, Bento revela a Beatriz que Martim havia roubado o dossi\u00ea contra os de S\u00e1 Ribeiro.<\/p>\n<p>No cap\u00edtulo 161(*), novela \u201cVelho Chico\u201d, sexta-feira, 16 de setembro \u2013 Bento e C\u00edcero se enfrentam. C\u00edcero avisa a Tereza que todos correm perigo at\u00e9 que Martim seja encontrado.<\/p>\n<p>C\u00edcero enfrenta Encarna\u00e7\u00e3o. Encarna\u00e7\u00e3o reconhece o valor de Afr\u00e2nio. Tereza e Germano analisam as pistas sobre o sumi\u00e7o de Martim.<\/p>\n<p>Bento revela a Beatriz que Martim havia roubado o dossi\u00ea contra os de S\u00e1 Ribeiro. Santo conversa com Miguel sobre Carlos. Encarna\u00e7\u00e3o caminha at\u00e9 a fazenda de Santo.<\/p>\n<p>(*) edi\u00e7\u00e3o da Rede Globo, Novela \u201cVelho Chico\u201d, sujeito a altera\u00e7\u00e3o de data e conte\u00fado.<\/p>\n","protected":false},"excerpt":{"rendered":"<p>Novela \u201cVelho Chico\u201d resumo 16\/09:\u00a0Encarna\u00e7\u00e3o conversa com Afr\u00e2nio e reconhece o valor de seu filho. Ela o parabeniza por nunca ter tirado a vida de ningu\u00e9m, de n\u00e3o ter uma s\u00f3 morte nas costas. Encarna\u00e7\u00e3o diz que ele fez mais do que o pai sonhou em fazer um dia, sem derrubar uma gota de sangue. [&hellip;]<\/p>\n","protected":false},"author":4,"featured_media":82169,"comment_status":"open","ping_status":"closed","sticky":false,"template":"","format":"standard","meta":{"tdm_status":"","tdm_grid_status":"","footnotes":""},"categories":[379,375,343],"tags":[441],"class_list":{"0":"post-95336","1":"post","2":"type-post","3":"status-publish","4":"format-standard","5":"has-post-thumbnail","7":"category-novelas","8":"category-rede-globo","9":"category-televisao","10":"tag-resumo-do-dia"},"_links":{"self":[{"href":"https:\/\/migracao.redenoticia.com.br\/noticia\/wp-json\/wp\/v2\/posts\/95336","targetHints":{"allow":["GET"]}}],"collection":[{"href":"https:\/\/migracao.redenoticia.com.br\/noticia\/wp-json\/wp\/v2\/posts"}],"about":[{"href":"https:\/\/migracao.redenoticia.com.br\/noticia\/wp-json\/wp\/v2\/types\/post"}],"author":[{"embeddable":true,"href":"https:\/\/migracao.redenoticia.com.br\/noticia\/wp-json\/wp\/v2\/users\/4"}],"replies":[{"embeddable":true,"href":"https:\/\/migracao.redenoticia.com.br\/noticia\/wp-json\/wp\/v2\/comments?post=95336"}],"version-history":[{"count":0,"href":"https:\/\/migracao.redenoticia.com.br\/noticia\/wp-json\/wp\/v2\/posts\/95336\/revisions"}],"wp:featuredmedia":[{"embeddable":true,"href":"https:\/\/migracao.redenoticia.com.br\/noticia\/wp-json\/wp\/v2\/media\/82169"}],"wp:attachment":[{"href":"https:\/\/migracao.redenoticia.com.br\/noticia\/wp-json\/wp\/v2\/media?parent=95336"}],"wp:term":[{"taxonomy":"category","embeddable":true,"href":"https:\/\/migracao.redenoticia.com.br\/noticia\/wp-json\/wp\/v2\/categories?post=95336"},{"taxonomy":"post_tag","embeddable":true,"href":"https:\/\/migracao.redenoticia.com.br\/noticia\/wp-json\/wp\/v2\/tags?post=95336"}],"curies":[{"name":"wp","href":"https:\/\/api.w.org\/{rel}","templated":true}]}}