{"id":95338,"date":"2016-09-15T19:10:59","date_gmt":"2016-09-15T22:10:59","guid":{"rendered":"http:\/\/www.redenoticia.com.br\/noticia\/?p=95338"},"modified":"2016-09-15T18:15:58","modified_gmt":"2016-09-15T21:15:58","slug":"novela-haja-coracao-resumo-1609-camila-fica-chocada-ao-descobrir-que-bruna-e-a-responsavel-pelo-atentado","status":"publish","type":"post","link":"https:\/\/migracao.redenoticia.com.br\/noticia\/2016\/novela-haja-coracao-resumo-1609-camila-fica-chocada-ao-descobrir-que-bruna-e-a-responsavel-pelo-atentado\/95338","title":{"rendered":"Novela \u201cHaja Cora\u00e7\u00e3o\u201d resumo 16\/09: Camila descobre que Bruna \u00e9 criminosa"},"content":{"rendered":"<p><img loading=\"lazy\" decoding=\"async\" class=\"alignleft size-thumbnail wp-image-87038\" src=\"https:\/\/migracao.redenoticia.com.br\/noticia\/imagens\/haja_coracao_novela_resumo_capitulo_globo-150x112.jpg\" alt=\"haja_coracao_novela_resumo_capitulo_globo\" width=\"150\" height=\"112\" srcset=\"https:\/\/migracao.redenoticia.com.br\/noticia\/imagens\/haja_coracao_novela_resumo_capitulo_globo-150x112.jpg 150w, https:\/\/migracao.redenoticia.com.br\/noticia\/imagens\/haja_coracao_novela_resumo_capitulo_globo-265x198.jpg 265w\" sizes=\"auto, (max-width: 150px) 100vw, 150px\" \/><strong><em>Novela \u201cHaja Cora\u00e7\u00e3o\u201d resumo 16\/09<\/em><\/strong>:\u00a0Tamara arrasta Apolo para o Guaruj\u00e1, onde tem uma noite de romance com ele. Apolo esquece o amor por Tancinha e se rende aos encantos da nova amiga. Enquanto isso, Camila continua sua investiga\u00e7\u00e3o para inocentar Giovanni. A garota consegue marcar um encontro com o homem que vendeu os explosivos. No entanto, quem aparece no local do encontro \u00e9 Bruna. Camila fica chocada ao descobrir que Bruna \u00e9 a respons\u00e1vel pelo atentado. A advogada se volta contra a fot\u00f3grafa e tenta mat\u00e1-la para manter seu segredo. <\/p>\n<p>No cap\u00edtulo 091(*), novela \u201cHaja Cora\u00e7\u00e3o\u201d, sexta-feira, 16 de setembro \u2013 Beto afirma a Tancinha que o amor que sente por ela o transformou. Apolo e Tamara passam a noite juntos.<\/p>\n<p>Ad\u00f4nis revela a Shirlei que est\u00e1 apaixonado por ela. Cris e Felipe presumem que Vit\u00f3ria n\u00e3o aceitar\u00e1 Shirlei como namorada do filho. Camila sofre um golpe e tenta fugir, mas acaba desmaiando.<\/p>\n<p>Rebeca janta com Agilson, que diz que est\u00e1 apaixonado por ela. Francesca acredita ter visto Guido. Tancinha flagra Apolo e Tamara se beijando.<\/p>\n<p>(*) edi\u00e7\u00e3o da Rede Globo, Novela \u201cHaja Cora\u00e7\u00e3o\u201d, sujeito a altera\u00e7\u00e3o de data e conte\u00fado.<\/p>\n","protected":false},"excerpt":{"rendered":"<p>Novela \u201cHaja Cora\u00e7\u00e3o\u201d resumo 16\/09:\u00a0Tamara arrasta Apolo para o Guaruj\u00e1, onde tem uma noite de romance com ele. Apolo esquece o amor por Tancinha e se rende aos encantos da nova amiga. Enquanto isso, Camila continua sua investiga\u00e7\u00e3o para inocentar Giovanni. A garota consegue marcar um encontro com o homem que vendeu os explosivos. No [&hellip;]<\/p>\n","protected":false},"author":4,"featured_media":87038,"comment_status":"open","ping_status":"closed","sticky":false,"template":"","format":"standard","meta":{"tdm_status":"","tdm_grid_status":"","footnotes":""},"categories":[379,375,343],"tags":[441],"class_list":{"0":"post-95338","1":"post","2":"type-post","3":"status-publish","4":"format-standard","5":"has-post-thumbnail","7":"category-novelas","8":"category-rede-globo","9":"category-televisao","10":"tag-resumo-do-dia"},"_links":{"self":[{"href":"https:\/\/migracao.redenoticia.com.br\/noticia\/wp-json\/wp\/v2\/posts\/95338","targetHints":{"allow":["GET"]}}],"collection":[{"href":"https:\/\/migracao.redenoticia.com.br\/noticia\/wp-json\/wp\/v2\/posts"}],"about":[{"href":"https:\/\/migracao.redenoticia.com.br\/noticia\/wp-json\/wp\/v2\/types\/post"}],"author":[{"embeddable":true,"href":"https:\/\/migracao.redenoticia.com.br\/noticia\/wp-json\/wp\/v2\/users\/4"}],"replies":[{"embeddable":true,"href":"https:\/\/migracao.redenoticia.com.br\/noticia\/wp-json\/wp\/v2\/comments?post=95338"}],"version-history":[{"count":0,"href":"https:\/\/migracao.redenoticia.com.br\/noticia\/wp-json\/wp\/v2\/posts\/95338\/revisions"}],"wp:featuredmedia":[{"embeddable":true,"href":"https:\/\/migracao.redenoticia.com.br\/noticia\/wp-json\/wp\/v2\/media\/87038"}],"wp:attachment":[{"href":"https:\/\/migracao.redenoticia.com.br\/noticia\/wp-json\/wp\/v2\/media?parent=95338"}],"wp:term":[{"taxonomy":"category","embeddable":true,"href":"https:\/\/migracao.redenoticia.com.br\/noticia\/wp-json\/wp\/v2\/categories?post=95338"},{"taxonomy":"post_tag","embeddable":true,"href":"https:\/\/migracao.redenoticia.com.br\/noticia\/wp-json\/wp\/v2\/tags?post=95338"}],"curies":[{"name":"wp","href":"https:\/\/api.w.org\/{rel}","templated":true}]}}