{"id":9534,"date":"2009-08-24T12:28:25","date_gmt":"2009-08-24T16:28:25","guid":{"rendered":"http:\/\/www.redenoticia.com.br\/noticia\/?p=9534"},"modified":"2009-08-24T12:28:25","modified_gmt":"2009-08-24T16:28:25","slug":"raios-uva-das-camaras-de-bronzeamento-podem-causar-danos-a-pele","status":"publish","type":"post","link":"https:\/\/migracao.redenoticia.com.br\/noticia\/2009\/raios-uva-das-camaras-de-bronzeamento-podem-causar-danos-a-pele\/9534","title":{"rendered":"Raios UVA das c\u00e2maras de bronzeamento podem causar danos \u00e0 pele"},"content":{"rendered":"<p>Embora os raios UVA n\u00e3o sejam os principais respons\u00e1veis pela ard\u00eancia e vermelhid\u00e3o na pele, eles s\u00e3o t\u00e3o perigosos que, recentemente, a Ag\u00eancia Internacional para Pesquisa do C\u00e2ncer, uma divis\u00e3o da Organiza\u00e7\u00e3o Mundial da Sa\u00fade (OMS)*, elevou o n\u00edvel de alerta para as c\u00e2maras de bronzeamento artificial. Esses equipamentos emitem radia\u00e7\u00e3o UVA at\u00e9 10 vezes mais que a luz solar.\u00a0<\/p>\n<p>Ao contr\u00e1rio dos raios UVB &#8212; que s\u00e3o mais intensos das 10h \u00e0s 16h &#8211;, os raios UVA t\u00eam uma incid\u00eancia constante durante o dia todo e provocam muta\u00e7\u00f5es importantes nas c\u00e9lulas da pele, danificando sua estrutura. Essas muta\u00e7\u00f5es gen\u00e9ticas podem estimular o surgimento do c\u00e2ncer de pele.<\/p>\n<p>At\u00e9 ent\u00e3o as c\u00e2maras eram consideradas prov\u00e1veis cancer\u00edgenas e passaram a estar diretamente relacionadas ao c\u00e2ncer de pele. Segundo a entidade, o risco da doen\u00e7a aumenta em 75% em pessoas que iniciaram seu uso antes dos 30 anos de idade. A decis\u00e3o \u00e9 resultado da revis\u00e3o de 20 estudos cient\u00edficos sobre o assunto publicado na revista Lancet Oncology<\/p>\n<p>Os raios UVA<\/p>\n<p>O perigo est\u00e1 no fato de que a radia\u00e7\u00e3o ultravioleta A \u00e9 cont\u00ednua e impercept\u00edvel durante o ano todo &#8211; ao contr\u00e1rio da UVB que tem maior incid\u00eancia nos dias quentes e no ver\u00e3o. Ao atingir a pele, ela penetra mais profundamente do que os raios UVB e atinge a hipoderme (ou camada de gordura). Como sua incid\u00eancia, na maioria das vezes, n\u00e3o provoca vermelhid\u00e3o ou queimaduras e nem mesmo sensa\u00e7\u00e3o de calor, sua presen\u00e7a \u00e9 frequentemente ignorada, assim como seus riscos.<\/p>\n<p>Danos irrevers\u00edveis<\/p>\n<p>Rugas e manchas s\u00e3o os sinais mais vis\u00edveis da a\u00e7\u00e3o do UVA sobre a pele e representam altera\u00e7\u00f5es cl\u00e1ssicas do chamado fotoenvelhecimento. Mas ele s\u00f3 ir\u00e1 dar o ar da gra\u00e7a com o passar dos anos. \u00c9 nessa \u00e9poca que muitas mulheres se arrependem da falta de cuidados que tiveram no dia a dia para se protegerem do sol. Isso porque, os raios UVA agem de forma gradual, cont\u00ednua e discretamente na destrui\u00e7\u00e3o dos fibroblastos da pele, respons\u00e1veis pela produ\u00e7\u00e3o de col\u00e1geno e elastina, deixando-a com aspecto enrugado e com perda de elasticidade. Os danos s\u00e3o permanentes e costumam tornar-se vis\u00edveis ap\u00f3s os 30 anos.<\/p>\n<p>Al\u00e9m de todos esses danos, os raios ultravioleta A tamb\u00e9m est\u00e3o relacionados ao desenvolvimento do c\u00e2ncer de pele. At\u00e9 pouco tempo, acreditava-se que os grandes vil\u00f5es eram apenas os raios UVB, que t\u00eam uma a\u00e7\u00e3o muito mais percept\u00edvel, porque provocam vermelhid\u00e3o, queimaduras e ard\u00eancia. Segundo o Instituto Nacional do C\u00e2ncer (INCA), o Brasil teve, em 2008, 55.890 novos casos de c\u00e2ncer n\u00e3o melanoma em homens e 59.120 em mulheres.<br \/>\nMesmo que muitos saibam dos efeitos nocivos dos raios UVA, nos dias nublados ou chuvosos (mesmo no ver\u00e3o), as pessoas acabam deixando o protetor solar de lado. A falsa impress\u00e3o de que a incid\u00eancia dos raios \u00e9 menor e, por isso, seus malef\u00edcios s\u00e3o quase nulos, as exp\u00f5em aos danos nocivos do astro-rei sobre a pele. Tempo nublado, chuvas e uma menor intensidade (aparente) da luz solar comp\u00f5em um cen\u00e1rio fict\u00edcio de que o sol deu uma tr\u00e9gua. Mas se engana quem assim pensa. A radia\u00e7\u00e3o UVA \u00e9 constante, cont\u00ednua e, perigosamente, impercept\u00edvel.<\/p>\n<p>Como se proteger de verdade<br \/>\n\u00c9 importante ressaltar que nem todo protetor solar \u00e9 eficaz contra os efeitos nocivos dos raios UVA. Muitos apenas protegem contra a a\u00e7\u00e3o dos raios UVB. Por essa raz\u00e3o \u00e9 importante ficar atento ao r\u00f3tulo das embalagens antes de optar pelo produto adequado. Se o protetor n\u00e3o indicar prote\u00e7\u00e3o UVA de moderada a alta (UVA ++ \/UVA +++), \u00e9 preciso que o consumidor tenha a consci\u00eancia de que ela pode n\u00e3o existir.<\/p>\n<p>As linhas SpectraBan, SunMax e Ansolar, da Stiefel, oferecem prote\u00e7\u00e3o contra os raios UVA e UVB. A unidade de medida de prote\u00e7\u00e3o UVA utilizada pelos protetores solar da Stiefel \u00e9 a metodologia PPD (simbolizada por &#8220;cruzinhas&#8221;), considerada a mais adequada por especialistas no mundo todo. O Brasil ainda n\u00e3o adotou oficialmente uma unidade de medida obrigat\u00f3ria pelos fabricantes que comercializam seus produtos no Pa\u00eds.<br \/>\nA indica\u00e7\u00e3o dos especialistas \u00e9 a de que o protetor solar tenha FPS 15 como o Fator de Prote\u00e7\u00e3o Solar contra os raios UVB e &#8220;moderada&#8221; (ou UVA ++) contra os UVA.<\/p>\n<p>\u00a0Sobre a Stiefel<\/p>\n<p>H\u00e1 mais de 160 anos os Laborat\u00f3rios Stiefel produzem produtos diferenciados para o cuidado da sa\u00fade da pele. No Brasil, a empresa conta um complexo industrial localizado no munic\u00edpio de Guarulhos (SP) e atua h\u00e1 mais de 35 anos, sendo l\u00edder de mercado. Seu portf\u00f3lio engloba produtos para fotoprote\u00e7\u00e3o, clareamento da pele, dermatite seborreica, psor\u00edase, hidrata\u00e7\u00e3o, tratamento da acne, entre outros.<\/p>\n","protected":false},"excerpt":{"rendered":"<p>Embora os raios UVA n\u00e3o sejam os principais respons\u00e1veis pela ard\u00eancia e vermelhid\u00e3o na pele, eles s\u00e3o t\u00e3o perigosos que, recentemente, a Ag\u00eancia Internacional para Pesquisa do C\u00e2ncer, uma divis\u00e3o da Organiza\u00e7\u00e3o Mundial da Sa\u00fade (OMS)*, elevou o n\u00edvel de alerta para as c\u00e2maras de bronzeamento artificial. Esses equipamentos emitem radia\u00e7\u00e3o UVA at\u00e9 10 vezes [&hellip;]<\/p>\n","protected":false},"author":3,"featured_media":0,"comment_status":"open","ping_status":"open","sticky":false,"template":"","format":"standard","meta":{"tdm_status":"","tdm_grid_status":"","footnotes":""},"categories":[22],"tags":[],"class_list":{"0":"post-9534","1":"post","2":"type-post","3":"status-publish","4":"format-standard","6":"category-brasil"},"_links":{"self":[{"href":"https:\/\/migracao.redenoticia.com.br\/noticia\/wp-json\/wp\/v2\/posts\/9534","targetHints":{"allow":["GET"]}}],"collection":[{"href":"https:\/\/migracao.redenoticia.com.br\/noticia\/wp-json\/wp\/v2\/posts"}],"about":[{"href":"https:\/\/migracao.redenoticia.com.br\/noticia\/wp-json\/wp\/v2\/types\/post"}],"author":[{"embeddable":true,"href":"https:\/\/migracao.redenoticia.com.br\/noticia\/wp-json\/wp\/v2\/users\/3"}],"replies":[{"embeddable":true,"href":"https:\/\/migracao.redenoticia.com.br\/noticia\/wp-json\/wp\/v2\/comments?post=9534"}],"version-history":[{"count":0,"href":"https:\/\/migracao.redenoticia.com.br\/noticia\/wp-json\/wp\/v2\/posts\/9534\/revisions"}],"wp:attachment":[{"href":"https:\/\/migracao.redenoticia.com.br\/noticia\/wp-json\/wp\/v2\/media?parent=9534"}],"wp:term":[{"taxonomy":"category","embeddable":true,"href":"https:\/\/migracao.redenoticia.com.br\/noticia\/wp-json\/wp\/v2\/categories?post=9534"},{"taxonomy":"post_tag","embeddable":true,"href":"https:\/\/migracao.redenoticia.com.br\/noticia\/wp-json\/wp\/v2\/tags?post=9534"}],"curies":[{"name":"wp","href":"https:\/\/api.w.org\/{rel}","templated":true}]}}