{"id":95342,"date":"2016-09-15T17:50:36","date_gmt":"2016-09-15T20:50:36","guid":{"rendered":"http:\/\/www.redenoticia.com.br\/noticia\/?p=95342"},"modified":"2016-09-15T18:12:50","modified_gmt":"2016-09-15T21:12:50","slug":"novela-malhacao-resumo-1609-lucas-disfarca-a-satisfacao-ao-descobrir-que-juliana-esnobou-jaba","status":"publish","type":"post","link":"https:\/\/migracao.redenoticia.com.br\/noticia\/2016\/novela-malhacao-resumo-1609-lucas-disfarca-a-satisfacao-ao-descobrir-que-juliana-esnobou-jaba\/95342","title":{"rendered":"Novela \u201cMalha\u00e7\u00e3o\u201d resumo 16\/09: Lucas descobre que Juliana esnobou Jab\u00e1"},"content":{"rendered":"<p><img loading=\"lazy\" decoding=\"async\" class=\"alignleft size-thumbnail wp-image-91715\" src=\"https:\/\/migracao.redenoticia.com.br\/noticia\/imagens\/malhacao_pro_dia_nascer_feliz_resumo_novela-150x112.jpg\" alt=\"malhacao_pro_dia_nascer_feliz_resumo_novela\" width=\"150\" height=\"112\" srcset=\"https:\/\/migracao.redenoticia.com.br\/noticia\/imagens\/malhacao_pro_dia_nascer_feliz_resumo_novela-150x112.jpg 150w, https:\/\/migracao.redenoticia.com.br\/noticia\/imagens\/malhacao_pro_dia_nascer_feliz_resumo_novela-265x198.jpg 265w\" sizes=\"auto, (max-width: 150px) 100vw, 150px\" \/><strong><em>Novela \u201cMalha\u00e7\u00e3o\u201d resumo 16\/09<\/em><\/strong>:\u00a0Juliana promove uma festa em casa. Lucas diz que n\u00e3o vai aparecer na festa, mas Jab\u00e1 provoca o garoto ao dizer que ele est\u00e1 a fugir por causa de Juliana, com medo de que Giovane apare\u00e7a. Lucas n\u00e3o aguenta a press\u00e3o e, assim que v\u00ea\u00a0Belinha, a convida. S\u00f3 que Juliana n\u00e3o se incomoda com a chegada de Lucas e Belinha, at\u00e9 ele come\u00e7ar a beijar a loirinha. Para n\u00e3o ficar atr\u00e1s, Juliana toma provid\u00eancia e tasca um beij\u00e3o em Jab\u00e1. Lucas repara e tenta n\u00e3o demonstrar o ciume. No dia seguinte, Lucas disfar\u00e7a a satisfa\u00e7\u00e3o ao descobrir que Juliana esnobou Jab\u00e1.<\/p>\n<p>No cap\u00edtulo 020(*), novela \u201cMalha\u00e7\u00e3o\u201d, sexta-feira, 16 de setembro \u2013 T\u00e2nia aconselha Joana. Lucas disfar\u00e7a a satisfa\u00e7\u00e3o ao descobrir que Juliana esnobou Jab\u00e1.<\/p>\n<p>Giovane questiona Gabriel sobre os sentimentos dele por B\u00e1rbara. Manuela percebe o interesse de Joana por Caio. R\u00f4mulo afirma a Nanda que se afastar\u00e1 dela. J\u00e9ssica se irrita com Belloto.<\/p>\n<p>Por ci\u00fames, Tita interrompe o almo\u00e7o de Ricardo e T\u00e2nia. B\u00e1rbara questiona Caio sobre Joana.<\/p>\n<p>(*) edi\u00e7\u00e3o da Rede Globo, Novela \u201cMalha\u00e7\u00e3o\u201d, sujeito a altera\u00e7\u00e3o de data e conte\u00fado.<\/p>\n","protected":false},"excerpt":{"rendered":"<p>Novela \u201cMalha\u00e7\u00e3o\u201d resumo 16\/09:\u00a0Juliana promove uma festa em casa. Lucas diz que n\u00e3o vai aparecer na festa, mas Jab\u00e1 provoca o garoto ao dizer que ele est\u00e1 a fugir por causa de Juliana, com medo de que Giovane apare\u00e7a. Lucas n\u00e3o aguenta a press\u00e3o e, assim que v\u00ea\u00a0Belinha, a convida. S\u00f3 que Juliana n\u00e3o se [&hellip;]<\/p>\n","protected":false},"author":4,"featured_media":91715,"comment_status":"open","ping_status":"closed","sticky":false,"template":"","format":"standard","meta":{"tdm_status":"","tdm_grid_status":"","footnotes":""},"categories":[447,379,375,343],"tags":[441],"class_list":{"0":"post-95342","1":"post","2":"type-post","3":"status-publish","4":"format-standard","5":"has-post-thumbnail","7":"category-malhacao","8":"category-novelas","9":"category-rede-globo","10":"category-televisao","11":"tag-resumo-do-dia"},"_links":{"self":[{"href":"https:\/\/migracao.redenoticia.com.br\/noticia\/wp-json\/wp\/v2\/posts\/95342","targetHints":{"allow":["GET"]}}],"collection":[{"href":"https:\/\/migracao.redenoticia.com.br\/noticia\/wp-json\/wp\/v2\/posts"}],"about":[{"href":"https:\/\/migracao.redenoticia.com.br\/noticia\/wp-json\/wp\/v2\/types\/post"}],"author":[{"embeddable":true,"href":"https:\/\/migracao.redenoticia.com.br\/noticia\/wp-json\/wp\/v2\/users\/4"}],"replies":[{"embeddable":true,"href":"https:\/\/migracao.redenoticia.com.br\/noticia\/wp-json\/wp\/v2\/comments?post=95342"}],"version-history":[{"count":0,"href":"https:\/\/migracao.redenoticia.com.br\/noticia\/wp-json\/wp\/v2\/posts\/95342\/revisions"}],"wp:featuredmedia":[{"embeddable":true,"href":"https:\/\/migracao.redenoticia.com.br\/noticia\/wp-json\/wp\/v2\/media\/91715"}],"wp:attachment":[{"href":"https:\/\/migracao.redenoticia.com.br\/noticia\/wp-json\/wp\/v2\/media?parent=95342"}],"wp:term":[{"taxonomy":"category","embeddable":true,"href":"https:\/\/migracao.redenoticia.com.br\/noticia\/wp-json\/wp\/v2\/categories?post=95342"},{"taxonomy":"post_tag","embeddable":true,"href":"https:\/\/migracao.redenoticia.com.br\/noticia\/wp-json\/wp\/v2\/tags?post=95342"}],"curies":[{"name":"wp","href":"https:\/\/api.w.org\/{rel}","templated":true}]}}