{"id":95346,"date":"2016-09-15T20:25:42","date_gmt":"2016-09-15T23:25:42","guid":{"rendered":"http:\/\/www.redenoticia.com.br\/noticia\/?p=95346"},"modified":"2016-09-15T18:25:11","modified_gmt":"2016-09-15T21:25:11","slug":"novela-chiquititas-resumo-1609-ernestina-diz-que-vai-aplicar-um-castigo-nas-meninas","status":"publish","type":"post","link":"https:\/\/migracao.redenoticia.com.br\/noticia\/2016\/novela-chiquititas-resumo-1609-ernestina-diz-que-vai-aplicar-um-castigo-nas-meninas\/95346","title":{"rendered":"Novela \u201cChiquititas\u201d resumo 16\/09: Ernestina diz que vai aplicar castigo nas meninas"},"content":{"rendered":"<p><img loading=\"lazy\" decoding=\"async\" class=\"alignleft size-thumbnail wp-image-57144\" src=\"http:\/\/cdn.redenoticia.com.br\/noticia\/imagens\/\/2014\/08\/chiquititas-resumo-novela-sbt-150x150.png\" alt=\"chiquititas-resumo-novela-sbt\" width=\"112\" height=\"112\" \/><strong><em>Novela \u201cChiquititas\u201d resumo 16\/09<\/em><\/strong>:\u00a0as Chiquititas resolvem aprontar com Ernestina, que dorme na sala. As meninas deixam o rosto dela completamente sujo de branco. Amanhece e a zeladora vai at\u00e9 o quarto das meninas para que acordem, mas elas j\u00e1 est\u00e3o a se arrumar para o col\u00e9gio. Todas riem da cara da Ernestina. Na cozinha do orfanato, as meninas tomam caf\u00e9 da manh\u00e3 e contam o que fizeram para Ernestina e pedem segredo para Chico. A zeladora entra na cozinha e Chico se assusta, mas mant\u00e9m descri\u00e7\u00e3o. Ernestina ainda n\u00e3o notou que est\u00e1 com o rosto branco. Depois, Sofia entra na sala e tamb\u00e9m se assusta com o visual de Ernestina e pergunta o que tem em seu rosto. Quando a zeladora olha no espelho, fica chocada. Elas chegam \u00e0 conclus\u00e3o de que foram as Chiquititas. Ernestina diz que vai aplicar um castigo nas meninas que vai ser bom pra todos. <\/p>\n<p>No cap\u00edtulo 005(*), novela \u201cChiquititas\u201d, sexta-feira, 16 de setembro \u2013 As Chiquititas resolvem aprontar com Ernestina, que est\u00e1 dormindo na sala. As meninas deixam o rosto dela completamente sujo de branco. Amanhece e a zeladora vai at\u00e9 o quarto das meninas para mandar elas acordarem, mas elas j\u00e1 est\u00e3o se arrumando para o col\u00e9gio. Todas riem da cara da Ernestina.<\/p>\n<p>Carmen entra no quarto de Gabriela, diz para Valentina ir ajudar Jos\u00e9 Ricardo e que ela mesma d\u00e1 o rem\u00e9dio de Gabriela. Carmen d\u00e1 outro rem\u00e9dio para Gabriela e n\u00e3o o correto. Na cozinha do orfanato, as meninas tomam caf\u00e9 da manh\u00e3. Elas contam o que fizeram pra Ernestina e pedem segredo para Chico. A zeladora entra na cozinha e Chico se assusta, mas mant\u00e9m descri\u00e7\u00e3o. Ernestina ainda n\u00e3o notou que est\u00e1 com o rosto branco.<\/p>\n<p>Valentina diz pra Jos\u00e9 Ricardo que Junior est\u00e1 fazendo muitas perguntas, mas que n\u00e3o contou nada. Junior vai ao quarto da irm\u00e3 e pede desculpa para Gabriela, que est\u00e1 dormindo. As crian\u00e7as v\u00e3o para a escola. Sofia entra na sala e tamb\u00e9m se assusta com o visual de Ernestina. A diretora pergunta o que tem em seu rosto. A zeladora olha no espelho e fica chocada. As duas chegam \u00e0 conclus\u00e3o de que foram as Chiquititas. Ernestina diz que ir\u00e1 aplicar um castigo nas meninas que ser\u00e1 bom pra todos.<\/p>\n<p>(*) edi\u00e7\u00e3o do SBT, Novela \u201cChiquititas\u201d, sujeito a altera\u00e7\u00e3o de data e conte\u00fado.<\/p>\n","protected":false},"excerpt":{"rendered":"<p>Novela \u201cChiquititas\u201d resumo 16\/09:\u00a0as Chiquititas resolvem aprontar com Ernestina, que dorme na sala. As meninas deixam o rosto dela completamente sujo de branco. Amanhece e a zeladora vai at\u00e9 o quarto das meninas para que acordem, mas elas j\u00e1 est\u00e3o a se arrumar para o col\u00e9gio. Todas riem da cara da Ernestina. Na cozinha do [&hellip;]<\/p>\n","protected":false},"author":4,"featured_media":49690,"comment_status":"open","ping_status":"closed","sticky":false,"template":"","format":"standard","meta":{"tdm_status":"","tdm_grid_status":"","footnotes":""},"categories":[409,379,372,343],"tags":[441],"class_list":{"0":"post-95346","1":"post","2":"type-post","3":"status-publish","4":"format-standard","5":"has-post-thumbnail","7":"category-chiquititas","8":"category-novelas","9":"category-sbt","10":"category-televisao","11":"tag-resumo-do-dia"},"_links":{"self":[{"href":"https:\/\/migracao.redenoticia.com.br\/noticia\/wp-json\/wp\/v2\/posts\/95346","targetHints":{"allow":["GET"]}}],"collection":[{"href":"https:\/\/migracao.redenoticia.com.br\/noticia\/wp-json\/wp\/v2\/posts"}],"about":[{"href":"https:\/\/migracao.redenoticia.com.br\/noticia\/wp-json\/wp\/v2\/types\/post"}],"author":[{"embeddable":true,"href":"https:\/\/migracao.redenoticia.com.br\/noticia\/wp-json\/wp\/v2\/users\/4"}],"replies":[{"embeddable":true,"href":"https:\/\/migracao.redenoticia.com.br\/noticia\/wp-json\/wp\/v2\/comments?post=95346"}],"version-history":[{"count":0,"href":"https:\/\/migracao.redenoticia.com.br\/noticia\/wp-json\/wp\/v2\/posts\/95346\/revisions"}],"wp:featuredmedia":[{"embeddable":true,"href":"https:\/\/migracao.redenoticia.com.br\/noticia\/wp-json\/wp\/v2\/media\/49690"}],"wp:attachment":[{"href":"https:\/\/migracao.redenoticia.com.br\/noticia\/wp-json\/wp\/v2\/media?parent=95346"}],"wp:term":[{"taxonomy":"category","embeddable":true,"href":"https:\/\/migracao.redenoticia.com.br\/noticia\/wp-json\/wp\/v2\/categories?post=95346"},{"taxonomy":"post_tag","embeddable":true,"href":"https:\/\/migracao.redenoticia.com.br\/noticia\/wp-json\/wp\/v2\/tags?post=95346"}],"curies":[{"name":"wp","href":"https:\/\/api.w.org\/{rel}","templated":true}]}}