{"id":95349,"date":"2016-09-15T20:15:05","date_gmt":"2016-09-15T23:15:05","guid":{"rendered":"http:\/\/www.redenoticia.com.br\/noticia\/?p=95349"},"modified":"2016-09-15T18:23:31","modified_gmt":"2016-09-15T21:23:31","slug":"novela-cumplices-de-um-resgate-resumo-1609-raul-diz-para-isabela-que-apareceu-uma-pessoa-interessada-em-alugar-a-mansao","status":"publish","type":"post","link":"https:\/\/migracao.redenoticia.com.br\/noticia\/2016\/novela-cumplices-de-um-resgate-resumo-1609-raul-diz-para-isabela-que-apareceu-uma-pessoa-interessada-em-alugar-a-mansao\/95349","title":{"rendered":"Novela \u201cC\u00famplices de um Resgate\u201d resumo 16\/09: Marina faz pedido a Isabela"},"content":{"rendered":"<p><img loading=\"lazy\" decoding=\"async\" class=\"alignleft size-thumbnail wp-image-71351\" src=\"https:\/\/migracao.redenoticia.com.br\/noticia\/imagens\/cumplices_de_um_resgate_sbt_novela_resumo-150x112.jpg\" alt=\"cumplices_de_um_resgate_sbt_novela_resumo\" width=\"150\" height=\"112\" srcset=\"https:\/\/migracao.redenoticia.com.br\/noticia\/imagens\/cumplices_de_um_resgate_sbt_novela_resumo-150x112.jpg 150w, https:\/\/migracao.redenoticia.com.br\/noticia\/imagens\/cumplices_de_um_resgate_sbt_novela_resumo-265x198.jpg 265w\" sizes=\"auto, (max-width: 150px) 100vw, 150px\" \/><strong><em>Novela \u201cC\u00famplices de um Resgate\u201d resumo 16\/09<\/em><\/strong>:\u00a0Marina vai at\u00e9 o vilarejo e pede para Isabela lhe mandar embora. Marina explica que ela n\u00e3o precisa mais de uma baba, pois possui uma fam\u00edlia que a ama de verdade. Marina diz que a partir de agora elas ser\u00e3o apenas vizinhas e amigas. Mais tarde, Raul diz para Isabela que apareceu uma pessoa interessada em alugar a mans\u00e3o. <\/p>\n<p>No cap\u00edtulo 295(*), novela \u201cC\u00famplice de um Resgate\u201d, sexta-feira, 16 de setembro \u2013 Sabrina \u00e9 encontrada pelos amigos na mata e fica feliz. Tomas encontra a c\u00e2mera e flagra Frederico e Flora. O vil\u00e3o diz que excluiu a grava\u00e7\u00e3o. Marina vai at\u00e9 o vilarejo e pede para Isabela lhe mandar embora.<\/p>\n<p>Marina explica que ela n\u00e3o precisa mais de uma baba, pois possui uma fam\u00edlia que a ama de verdade. Marina diz que a partir de agora elas ser\u00e3o apenas vizinhas e amigas. Frederico decide contar para Ot\u00e1vio tudo o que acontece na empresa sobre Tomas.<\/p>\n<p>Mais tarde, Tomas nega tudo para Ot\u00e1vio e diz que Frederico n\u00e3o \u00e9 um bom profissional. Lola consegue recuperar a peixe Beijoca. Raul diz para Isabela que apareceu uma pessoa interessada em alugar a mans\u00e3o.<\/p>\n<p>(*) edi\u00e7\u00e3o do SBT, Novela \u201cC\u00famplices de um Resgate\u201d, sujeito a altera\u00e7\u00e3o de data e conte\u00fado.<\/p>\n","protected":false},"excerpt":{"rendered":"<p>Novela \u201cC\u00famplices de um Resgate\u201d resumo 16\/09:\u00a0Marina vai at\u00e9 o vilarejo e pede para Isabela lhe mandar embora. Marina explica que ela n\u00e3o precisa mais de uma baba, pois possui uma fam\u00edlia que a ama de verdade. Marina diz que a partir de agora elas ser\u00e3o apenas vizinhas e amigas. Mais tarde, Raul diz para [&hellip;]<\/p>\n","protected":false},"author":4,"featured_media":71351,"comment_status":"open","ping_status":"closed","sticky":false,"template":"","format":"standard","meta":{"tdm_status":"","tdm_grid_status":"","footnotes":""},"categories":[379,372,343],"tags":[441],"class_list":{"0":"post-95349","1":"post","2":"type-post","3":"status-publish","4":"format-standard","5":"has-post-thumbnail","7":"category-novelas","8":"category-sbt","9":"category-televisao","10":"tag-resumo-do-dia"},"_links":{"self":[{"href":"https:\/\/migracao.redenoticia.com.br\/noticia\/wp-json\/wp\/v2\/posts\/95349","targetHints":{"allow":["GET"]}}],"collection":[{"href":"https:\/\/migracao.redenoticia.com.br\/noticia\/wp-json\/wp\/v2\/posts"}],"about":[{"href":"https:\/\/migracao.redenoticia.com.br\/noticia\/wp-json\/wp\/v2\/types\/post"}],"author":[{"embeddable":true,"href":"https:\/\/migracao.redenoticia.com.br\/noticia\/wp-json\/wp\/v2\/users\/4"}],"replies":[{"embeddable":true,"href":"https:\/\/migracao.redenoticia.com.br\/noticia\/wp-json\/wp\/v2\/comments?post=95349"}],"version-history":[{"count":0,"href":"https:\/\/migracao.redenoticia.com.br\/noticia\/wp-json\/wp\/v2\/posts\/95349\/revisions"}],"wp:featuredmedia":[{"embeddable":true,"href":"https:\/\/migracao.redenoticia.com.br\/noticia\/wp-json\/wp\/v2\/media\/71351"}],"wp:attachment":[{"href":"https:\/\/migracao.redenoticia.com.br\/noticia\/wp-json\/wp\/v2\/media?parent=95349"}],"wp:term":[{"taxonomy":"category","embeddable":true,"href":"https:\/\/migracao.redenoticia.com.br\/noticia\/wp-json\/wp\/v2\/categories?post=95349"},{"taxonomy":"post_tag","embeddable":true,"href":"https:\/\/migracao.redenoticia.com.br\/noticia\/wp-json\/wp\/v2\/tags?post=95349"}],"curies":[{"name":"wp","href":"https:\/\/api.w.org\/{rel}","templated":true}]}}