{"id":95385,"date":"2016-09-15T14:44:35","date_gmt":"2016-09-15T17:44:35","guid":{"rendered":"http:\/\/www.redenoticia.com.br\/noticia\/?p=95385"},"modified":"2016-09-15T19:47:13","modified_gmt":"2016-09-15T22:47:13","slug":"novela-chamas-da-vida-resumo-1609-junior-grita-por-socorro","status":"publish","type":"post","link":"https:\/\/migracao.redenoticia.com.br\/noticia\/2016\/novela-chamas-da-vida-resumo-1609-junior-grita-por-socorro\/95385","title":{"rendered":"Novela \u201cChamas da Vida\u201d resumo 16\/09: Junior grita por socorro"},"content":{"rendered":"<p> <img loading=\"lazy\" decoding=\"async\" class=\"alignleft size-thumbnail wp-image-82020\" src=\"https:\/\/migracao.redenoticia.com.br\/noticia\/imagens\/chamas_da_vida_resumo_novela-150x112.jpeg\" alt=\"chamas_da_vida_resumo_novela\" width=\"150\" height=\"112\" \/><strong><em>Novela \u201cChamas da Vida\u201d resumo 16\/09<\/em><\/strong>: Eurico pede para Fausto encontrar o filho dele. Fausto diz que eles v\u00e3o come\u00e7ar a investigar onde est\u00e1 Telma. Junior acorda e grita por socorro. Telma diz que vai cuidar dele. Junior diz que ela \u00e9 doente, mas Telma diz que quem queria mat\u00e1-la era ele, carregando uma arma. Junior diz que s\u00f3 iria se defender dela. Telma nem liga para o que ele diz e vai preparar comida.<\/p>\n<p>No capitulo 223 (*), novela \u201cChamas da Vida\u201d, sexta-feira, 16 de setembro &#8211; Telma diz que se algu\u00e9m for atr\u00e1s dela e de Junior, ela mata Junior. Ra\u00edssa avisa todos da pens\u00e3o, que resolvem ligar para a pol\u00edcia. O chefe de pol\u00edcia manda Lipe, Lincon e Xavier para fora da cela para tomarem banho de sol com os outros presos. Os tr\u00eas ficam apavorados. Eurico pede para Fausto encontrar o filho dele. Fausto diz que eles v\u00e3o come\u00e7ar a investigar onde est\u00e1 Telma. Carolina vai embora da casa de Pedro. <\/p>\n<p>Junior acorda e grita por socorro. Telma diz que vai cuidar dele. Junior diz que ela \u00e9 doente, mas Telma diz que quem queria mat\u00e1-la era ele, carregando uma arma. Junior diz que s\u00f3 iria se defender dela. Telma nem liga para o que ele diz e vai preparar comida. Fausto pergunta se Manu e Marreta sabem de Telma. Eles dizem que n\u00e3o, que s\u00f3 emprestaram um carro para ela. Marreta pergunta sobre Gast\u00e3o. Fausto diz que quando Gast\u00e3o e Tadeu vierem atr\u00e1s de Manu e Marreta, a pol\u00edcia vai conseguir peg\u00e1-los. <\/p>\n<p>Arlete diz que jamais vai perdoar Carolina por ela ter dado sua parte da GG para Vilma. Tom\u00e1s pergunta para Vilma se ela vai matar Arlete. Vilma n\u00e3o responde e manda Tom\u00e1s sair de sua sala. Alguns presos se aproximam de Lipe, Lincon e Xavier no p\u00e1tio do pres\u00eddio. Come\u00e7a uma briga. Xavier, Lincon e Lipe tentam se defender. Tiros s\u00e3o disparados para o alto no p\u00e1tio e quando o tumulto acaba, um corpo est\u00e1 estendido no ch\u00e3o.<\/p>\n<p>(*) edi\u00e7\u00e3o da Rede Record, Novela \u201cChamas da Vida\u201d, sujeito a altera\u00e7\u00e3o de data e conte\u00fado.<\/p>\n","protected":false},"excerpt":{"rendered":"<p>Novela \u201cChamas da Vida\u201d resumo 16\/09: Eurico pede para Fausto encontrar o filho dele. Fausto diz que eles v\u00e3o come\u00e7ar a investigar onde est\u00e1 Telma. Junior acorda e grita por socorro. Telma diz que vai cuidar dele. Junior diz que ela \u00e9 doente, mas Telma diz que quem queria mat\u00e1-la era ele, carregando uma arma. [&hellip;]<\/p>\n","protected":false},"author":2,"featured_media":82020,"comment_status":"open","ping_status":"closed","sticky":false,"template":"","format":"standard","meta":{"tdm_status":"","tdm_grid_status":"","footnotes":""},"categories":[379,371,343],"tags":[441],"class_list":{"0":"post-95385","1":"post","2":"type-post","3":"status-publish","4":"format-standard","5":"has-post-thumbnail","7":"category-novelas","8":"category-rede-record","9":"category-televisao","10":"tag-resumo-do-dia"},"_links":{"self":[{"href":"https:\/\/migracao.redenoticia.com.br\/noticia\/wp-json\/wp\/v2\/posts\/95385","targetHints":{"allow":["GET"]}}],"collection":[{"href":"https:\/\/migracao.redenoticia.com.br\/noticia\/wp-json\/wp\/v2\/posts"}],"about":[{"href":"https:\/\/migracao.redenoticia.com.br\/noticia\/wp-json\/wp\/v2\/types\/post"}],"author":[{"embeddable":true,"href":"https:\/\/migracao.redenoticia.com.br\/noticia\/wp-json\/wp\/v2\/users\/2"}],"replies":[{"embeddable":true,"href":"https:\/\/migracao.redenoticia.com.br\/noticia\/wp-json\/wp\/v2\/comments?post=95385"}],"version-history":[{"count":0,"href":"https:\/\/migracao.redenoticia.com.br\/noticia\/wp-json\/wp\/v2\/posts\/95385\/revisions"}],"wp:featuredmedia":[{"embeddable":true,"href":"https:\/\/migracao.redenoticia.com.br\/noticia\/wp-json\/wp\/v2\/media\/82020"}],"wp:attachment":[{"href":"https:\/\/migracao.redenoticia.com.br\/noticia\/wp-json\/wp\/v2\/media?parent=95385"}],"wp:term":[{"taxonomy":"category","embeddable":true,"href":"https:\/\/migracao.redenoticia.com.br\/noticia\/wp-json\/wp\/v2\/categories?post=95385"},{"taxonomy":"post_tag","embeddable":true,"href":"https:\/\/migracao.redenoticia.com.br\/noticia\/wp-json\/wp\/v2\/tags?post=95385"}],"curies":[{"name":"wp","href":"https:\/\/api.w.org\/{rel}","templated":true}]}}