{"id":954,"date":"2009-04-29T18:30:53","date_gmt":"2009-04-29T22:30:53","guid":{"rendered":"http:\/\/www.redenoticia.com.br\/noticia\/?p=954"},"modified":"2009-04-29T18:46:15","modified_gmt":"2009-04-29T22:46:15","slug":"bianco-garante-que-ji-parana-continua-a-ser-o-1%c2%ba-no-interior","status":"publish","type":"post","link":"https:\/\/migracao.redenoticia.com.br\/noticia\/2009\/bianco-garante-que-ji-parana-continua-a-ser-o-1%c2%ba-no-interior\/954","title":{"rendered":"Bianco garante que Ji-Paran\u00e1 continua a ser o 1\u00ba no interior"},"content":{"rendered":"<p><span style=\"font-family: Calibri; font-size: small;\">A Secretaria Municipal de Fazenda j\u00e1 est\u00e1 tomando provid\u00eancias para garantir a 2\u00aa coloca\u00e7\u00e3o de Ji-Paran\u00e1 quanto ao valor agregado do ICMS que ser\u00e1 repassado ao munic\u00edpio pela Secretaria Estadual de Finan\u00e7as (SEFIN) em 2010. De acordo com o prefeito Jos\u00e9 de Abreu Bianco (DEM), o potencial do munic\u00edpio \u00e9 muito grande e, com certeza, ao serem divulgados os dados oficiais, Ji-Paran\u00e1 conseguir\u00e1 manter a mesma coloca\u00e7\u00e3o de 2009.<\/span><\/p>\n<p><span style=\"font-family: Calibri; font-size: small;\">Bianco comentou que o munic\u00edpio tem um com\u00e9rcio muito forte, diversas ag\u00eancias banc\u00e1rias, frigor\u00edficos, latic\u00ednios, al\u00e9m de uma frota de cerca de 50 mil ve\u00edculos, o que garantir\u00e1 o aumento do \u00edndice pr\u00e9vio divulgado de foi de 5,91%.<\/span><\/p>\n<p><span style=\"font-family: Calibri; font-size: small;\">Para garantir o aumento deste \u00edndice, a Semfaz estar\u00e1 notificando as empresas que est\u00e3o com o Valor Agregado Fiscal (VAF) negativo para que regularizem sua situa\u00e7\u00e3o. De acordo com o secret\u00e1rio, Washington Roberto do Nascimento, no final do m\u00eas de maio ser\u00e1 divulgado novo estudo, com j\u00e1 \u00edndices atualizados.<\/span><\/p>\n","protected":false},"excerpt":{"rendered":"<p>A Secretaria Municipal de Fazenda j\u00e1 est\u00e1 tomando provid\u00eancias para garantir a 2\u00aa coloca\u00e7\u00e3o de Ji-Paran\u00e1 quanto ao valor agregado do ICMS que ser\u00e1 repassado ao munic\u00edpio pela Secretaria Estadual de Finan\u00e7as (SEFIN) em 2010. De acordo com o prefeito Jos\u00e9 de Abreu Bianco (DEM), o potencial do munic\u00edpio \u00e9 muito grande e, com certeza, [&hellip;]<\/p>\n","protected":false},"author":2,"featured_media":0,"comment_status":"open","ping_status":"open","sticky":false,"template":"","format":"standard","meta":{"tdm_status":"","tdm_grid_status":"","footnotes":""},"categories":[22],"tags":[],"class_list":{"0":"post-954","1":"post","2":"type-post","3":"status-publish","4":"format-standard","6":"category-brasil"},"_links":{"self":[{"href":"https:\/\/migracao.redenoticia.com.br\/noticia\/wp-json\/wp\/v2\/posts\/954","targetHints":{"allow":["GET"]}}],"collection":[{"href":"https:\/\/migracao.redenoticia.com.br\/noticia\/wp-json\/wp\/v2\/posts"}],"about":[{"href":"https:\/\/migracao.redenoticia.com.br\/noticia\/wp-json\/wp\/v2\/types\/post"}],"author":[{"embeddable":true,"href":"https:\/\/migracao.redenoticia.com.br\/noticia\/wp-json\/wp\/v2\/users\/2"}],"replies":[{"embeddable":true,"href":"https:\/\/migracao.redenoticia.com.br\/noticia\/wp-json\/wp\/v2\/comments?post=954"}],"version-history":[{"count":0,"href":"https:\/\/migracao.redenoticia.com.br\/noticia\/wp-json\/wp\/v2\/posts\/954\/revisions"}],"wp:attachment":[{"href":"https:\/\/migracao.redenoticia.com.br\/noticia\/wp-json\/wp\/v2\/media?parent=954"}],"wp:term":[{"taxonomy":"category","embeddable":true,"href":"https:\/\/migracao.redenoticia.com.br\/noticia\/wp-json\/wp\/v2\/categories?post=954"},{"taxonomy":"post_tag","embeddable":true,"href":"https:\/\/migracao.redenoticia.com.br\/noticia\/wp-json\/wp\/v2\/tags?post=954"}],"curies":[{"name":"wp","href":"https:\/\/api.w.org\/{rel}","templated":true}]}}