{"id":95405,"date":"2016-09-16T06:10:47","date_gmt":"2016-09-16T09:10:47","guid":{"rendered":"http:\/\/www.redenoticia.com.br\/noticia\/?p=95405"},"modified":"2016-09-15T21:11:40","modified_gmt":"2016-09-16T00:11:40","slug":"usp-de-sao-carlos-oferece-curso-gratuito-de-informatica","status":"publish","type":"post","link":"https:\/\/migracao.redenoticia.com.br\/noticia\/2016\/usp-de-sao-carlos-oferece-curso-gratuito-de-informatica\/95405","title":{"rendered":"USP de S\u00e3o Carlos oferece curso gratuito de inform\u00e1tica"},"content":{"rendered":"<p> A Escola de Engenharia de S\u00e3o Carlos (EESC) da Universidade de S\u00e3o Paulo (USP) abriu inscri\u00e7\u00f5es para um <strong><em>curso de inform\u00e1tica b\u00e1sico gratuito<\/em><\/strong>. As aulas semanais ser\u00e3o em outubro e novembro, com carga hor\u00e1ria de 21 horas, e ter\u00e3o tr\u00eas turmas: \u00e0s ter\u00e7as, quintas e sextas, das 14h \u00e0s 17h.<\/p>\n<p>O material did\u00e1tico ser\u00e1 entregue tamb\u00e9m de forma gratuita. O p\u00fablico-alvo s\u00e3o pessoas que precisam de uma recoloca\u00e7\u00e3o no mercado de trabalho.<\/p>\n<p>As inscri\u00e7\u00f5es v\u00e3o at\u00e9 o dia 26 de setembro ou at\u00e9 o t\u00e9rmino das vagas. Os interessados devem ir pessoalmente \u00e0 Assist\u00eancia T\u00e9cnica Administrativa (ATAd), localizada no 1\u00ba andar do Bloco E-1, campus 1 da USP em S\u00e3o Carlos, situado na Av. Trabalhador S\u00e3o-carlense, 400.<\/p>\n<p>SERVI\u00c7O<br \/>\nCurso gratuito de inform\u00e1tica b\u00e1sica<br \/>\nEscola de Engenharia de S\u00e3o Carlos (EESC) da Universidade de S\u00e3o Paulo (USP)<br \/>\nInscri\u00e7\u00f5es at\u00e9 dia 26 de setembro ou at\u00e9 o t\u00e9rmino das vagas<br \/>\nMais informa\u00e7\u00f5es: (16) 3373-9245 |\u00a0<\/p>\n<p>Do Portal do Governo do Estado SP<\/p>\n","protected":false},"excerpt":{"rendered":"<p>A Escola de Engenharia de S\u00e3o Carlos (EESC) da Universidade de S\u00e3o Paulo (USP) abriu inscri\u00e7\u00f5es para um curso de inform\u00e1tica b\u00e1sico gratuito. As aulas semanais ser\u00e3o em outubro e novembro, com carga hor\u00e1ria de 21 horas, e ter\u00e3o tr\u00eas turmas: \u00e0s ter\u00e7as, quintas e sextas, das 14h \u00e0s 17h. O material did\u00e1tico ser\u00e1 entregue [&hellip;]<\/p>\n","protected":false},"author":2,"featured_media":57577,"comment_status":"open","ping_status":"closed","sticky":false,"template":"","format":"standard","meta":{"tdm_status":"","tdm_grid_status":"","footnotes":""},"categories":[22,351,370],"tags":[],"class_list":{"0":"post-95405","1":"post","2":"type-post","3":"status-publish","4":"format-standard","5":"has-post-thumbnail","7":"category-brasil","8":"category-cursos","9":"category-inscricao"},"_links":{"self":[{"href":"https:\/\/migracao.redenoticia.com.br\/noticia\/wp-json\/wp\/v2\/posts\/95405","targetHints":{"allow":["GET"]}}],"collection":[{"href":"https:\/\/migracao.redenoticia.com.br\/noticia\/wp-json\/wp\/v2\/posts"}],"about":[{"href":"https:\/\/migracao.redenoticia.com.br\/noticia\/wp-json\/wp\/v2\/types\/post"}],"author":[{"embeddable":true,"href":"https:\/\/migracao.redenoticia.com.br\/noticia\/wp-json\/wp\/v2\/users\/2"}],"replies":[{"embeddable":true,"href":"https:\/\/migracao.redenoticia.com.br\/noticia\/wp-json\/wp\/v2\/comments?post=95405"}],"version-history":[{"count":0,"href":"https:\/\/migracao.redenoticia.com.br\/noticia\/wp-json\/wp\/v2\/posts\/95405\/revisions"}],"wp:featuredmedia":[{"embeddable":true,"href":"https:\/\/migracao.redenoticia.com.br\/noticia\/wp-json\/wp\/v2\/media\/57577"}],"wp:attachment":[{"href":"https:\/\/migracao.redenoticia.com.br\/noticia\/wp-json\/wp\/v2\/media?parent=95405"}],"wp:term":[{"taxonomy":"category","embeddable":true,"href":"https:\/\/migracao.redenoticia.com.br\/noticia\/wp-json\/wp\/v2\/categories?post=95405"},{"taxonomy":"post_tag","embeddable":true,"href":"https:\/\/migracao.redenoticia.com.br\/noticia\/wp-json\/wp\/v2\/tags?post=95405"}],"curies":[{"name":"wp","href":"https:\/\/api.w.org\/{rel}","templated":true}]}}