{"id":95425,"date":"2016-09-17T19:24:22","date_gmt":"2016-09-17T22:24:22","guid":{"rendered":"http:\/\/www.redenoticia.com.br\/noticia\/?p=95425"},"modified":"2016-09-16T13:25:48","modified_gmt":"2016-09-16T16:25:48","slug":"novela-sila-resumo-1909-berzan-ameaca-matar-dilaver","status":"publish","type":"post","link":"https:\/\/migracao.redenoticia.com.br\/noticia\/2016\/novela-sila-resumo-1909-berzan-ameaca-matar-dilaver\/95425","title":{"rendered":"Novela \u201cSila\u201d resumo 19\/09: Berzan amea\u00e7a matar Dilaver"},"content":{"rendered":"<p> <img loading=\"lazy\" decoding=\"async\" class=\"alignleft size-thumbnail wp-image-83098\" src=\"https:\/\/migracao.redenoticia.com.br\/noticia\/imagens\/sila_band_novela_resumo_capitulo-150x112.jpg\" alt=\"sila_band_novela_resumo_capitulo\" width=\"150\" height=\"112\" srcset=\"https:\/\/migracao.redenoticia.com.br\/noticia\/imagens\/sila_band_novela_resumo_capitulo-150x112.jpg 150w, https:\/\/migracao.redenoticia.com.br\/noticia\/imagens\/sila_band_novela_resumo_capitulo-265x198.jpg 265w\" sizes=\"auto, (max-width: 150px) 100vw, 150px\" \/><strong><em> Novela \u201cSila\u201d resumo 19\/09<\/em><\/strong>: Ceren e Dilaver reabrem um caso antigo contra Berzan. Ele fica furioso e descobre quem reabriu o processo. Logo depois, Ceren \u00e9 seguida pelos homens de Berzan. Dilaver se preocupa e diz ao pai que quer pedir o div\u00f3rcio. Esma fica com inveja da rela\u00e7\u00e3o deles e conta a Ceren que Dilaver \u00e9 casado. Berzan exige que Ceren se afaste do processo contra ele e amea\u00e7a matar Dilaver.<\/p>\n<p>No capitulo 146 (*), novela \u201cSila\u201d, segunda-feira, 19 de setembro &#8211; Berzan se faz passar por amigo de Boran. Hussein amea\u00e7a romper com a m\u00e3e caso ela n\u00e3o permita o casamento com Ayse. Ceren \u00e9 seguida pelos homens de Berzan. Dilaver diz ao pai que quer pedir o div\u00f3rcio. <\/p>\n<p>Esma conta a Ceren que Dilaver \u00e9 casado. Boran traz Hussein de volta mas Ayse desaparece. Berzan exige que Ceren se afaste do processo contra ele e amea\u00e7a matar Dilaver. Ap\u00f3s saber da morte do pai, Zeliha aponta uma arma para Berzan.<\/p>\n<p> Boran impede Zeliha de atirar em Berzan. Dilaver descobre que Ceren mudou o rumo do julgamento. Feride consegue um emprego na empresa de Abay. Ceren abandona Dilaver. Boran conta a Sila que a testemunha mudou o depoimento contra Berzan. <\/p>\n<p>(*) edi\u00e7\u00e3o da Band, Novela \u201cSila\u201d, sujeito a altera\u00e7\u00e3o de data e conte\u00fado. <\/p>\n","protected":false},"excerpt":{"rendered":"<p>Novela \u201cSila\u201d resumo 19\/09: Ceren e Dilaver reabrem um caso antigo contra Berzan. Ele fica furioso e descobre quem reabriu o processo. Logo depois, Ceren \u00e9 seguida pelos homens de Berzan. Dilaver se preocupa e diz ao pai que quer pedir o div\u00f3rcio. Esma fica com inveja da rela\u00e7\u00e3o deles e conta a Ceren que [&hellip;]<\/p>\n","protected":false},"author":2,"featured_media":83098,"comment_status":"open","ping_status":"closed","sticky":false,"template":"","format":"standard","meta":{"tdm_status":"","tdm_grid_status":"","footnotes":""},"categories":[390,379,343],"tags":[441],"class_list":{"0":"post-95425","1":"post","2":"type-post","3":"status-publish","4":"format-standard","5":"has-post-thumbnail","7":"category-band","8":"category-novelas","9":"category-televisao","10":"tag-resumo-do-dia"},"_links":{"self":[{"href":"https:\/\/migracao.redenoticia.com.br\/noticia\/wp-json\/wp\/v2\/posts\/95425","targetHints":{"allow":["GET"]}}],"collection":[{"href":"https:\/\/migracao.redenoticia.com.br\/noticia\/wp-json\/wp\/v2\/posts"}],"about":[{"href":"https:\/\/migracao.redenoticia.com.br\/noticia\/wp-json\/wp\/v2\/types\/post"}],"author":[{"embeddable":true,"href":"https:\/\/migracao.redenoticia.com.br\/noticia\/wp-json\/wp\/v2\/users\/2"}],"replies":[{"embeddable":true,"href":"https:\/\/migracao.redenoticia.com.br\/noticia\/wp-json\/wp\/v2\/comments?post=95425"}],"version-history":[{"count":0,"href":"https:\/\/migracao.redenoticia.com.br\/noticia\/wp-json\/wp\/v2\/posts\/95425\/revisions"}],"wp:featuredmedia":[{"embeddable":true,"href":"https:\/\/migracao.redenoticia.com.br\/noticia\/wp-json\/wp\/v2\/media\/83098"}],"wp:attachment":[{"href":"https:\/\/migracao.redenoticia.com.br\/noticia\/wp-json\/wp\/v2\/media?parent=95425"}],"wp:term":[{"taxonomy":"category","embeddable":true,"href":"https:\/\/migracao.redenoticia.com.br\/noticia\/wp-json\/wp\/v2\/categories?post=95425"},{"taxonomy":"post_tag","embeddable":true,"href":"https:\/\/migracao.redenoticia.com.br\/noticia\/wp-json\/wp\/v2\/tags?post=95425"}],"curies":[{"name":"wp","href":"https:\/\/api.w.org\/{rel}","templated":true}]}}