{"id":95437,"date":"2016-09-16T21:00:21","date_gmt":"2016-09-17T00:00:21","guid":{"rendered":"http:\/\/www.redenoticia.com.br\/noticia\/?p=95437"},"modified":"2016-09-16T17:28:49","modified_gmt":"2016-09-16T20:28:49","slug":"novela-velho-chico-resumo-1709-iolanda-da-banho-em-encarnacao-e-as-duas-se-emocionam","status":"publish","type":"post","link":"https:\/\/migracao.redenoticia.com.br\/noticia\/2016\/novela-velho-chico-resumo-1709-iolanda-da-banho-em-encarnacao-e-as-duas-se-emocionam\/95437","title":{"rendered":"Novela \u201cVelho Chico\u201d resumo 17\/09: Encarna\u00e7\u00e3o chama Iolanda de filha"},"content":{"rendered":"<p><img loading=\"lazy\" decoding=\"async\" class=\"alignleft size-thumbnail wp-image-82169\" src=\"https:\/\/migracao.redenoticia.com.br\/noticia\/imagens\/velho_chico_novela_resumo_globo-150x112.jpg\" alt=\"velho_chico_novela_resumo_globo\" width=\"150\" height=\"112\" srcset=\"https:\/\/migracao.redenoticia.com.br\/noticia\/imagens\/velho_chico_novela_resumo_globo-150x112.jpg 150w, https:\/\/migracao.redenoticia.com.br\/noticia\/imagens\/velho_chico_novela_resumo_globo-265x198.jpg 265w\" sizes=\"auto, (max-width: 150px) 100vw, 150px\" \/><strong><em>Novela \u201cVelho Chico\u201d resumo 17\/09<\/em><\/strong>:\u00a0Encarna\u00e7\u00e3o confessa ao padre Ben\u00edcio que foi a mandante do assassinato do Capit\u00e3o Rosa e se surpreende ao n\u00e3o receber penit\u00eancia alguma dele. O padre explica que ela precisa se arrepender de verdade, e ela logo entende o que precisa fazer. Assim, vai descal\u00e7a at\u00e9 a fazenda da fam\u00edlia Dos Anjos para conversar com Piedade.\u00a0Encarna\u00e7\u00e3o se humilha diante da matriarca da fam\u00edlia Dos Anjos. Ela confessa a Piedade que mandou matar o Capit\u00e3o Rosa e implora de joelhos para ser perdoada.\u00a0Comovida com a reden\u00e7\u00e3o sincera da senhora, Piedade d\u00e1 sua senten\u00e7a.\u00a0Ela diz que n\u00e3o pode dar o perd\u00e3o de Capit\u00e3o Rosa e de Eul\u00e1lia, mas pode dar o dela. Encarna\u00e7\u00e3o diz que tudo o que precisa que Piedade saiba a verdade e que a perdoe. Depois, Miguel leva a bisav\u00f3 de volta \u00e0 fazenda dos Saru\u00ea. Ao chegar, Iolanda se comove com o estado da matriarca. As duas conversam e, mesmo debilitada, com as ideias confusas, Encarna\u00e7\u00e3o faz quest\u00e3o de dizer que sente como se a nora fosse uma filha. Com carinho, Iolanda d\u00e1 banho em Encarna\u00e7\u00e3o, e as duas se emocionam. Iolanda tenta faz\u00ea-la descansar. <\/p>\n<p>No cap\u00edtulo 162(*), novela \u201cVelho Chico\u201d, s\u00e1bado, 17 de setembro \u2013 Dalva anuncia a Iolanda e Doninha que Encarna\u00e7\u00e3o desapareceu. Beatriz teme pela seguran\u00e7a de Bento.<\/p>\n<p>Encarna\u00e7\u00e3o implora o perd\u00e3o de Piedade. Bento procura pistas sobre Martim e Queiroz \u00e9 alertado. Luzia telefona para Bento e pede que ele volte pra casa.<\/p>\n<p>Iolanda se comove com o estado de Encarna\u00e7\u00e3o. Carlos jura vingan\u00e7a contra Miguel.<\/p>\n<p>(*) edi\u00e7\u00e3o da Rede Globo, Novela \u201cVelho Chico\u201d, sujeito a altera\u00e7\u00e3o de data e conte\u00fado.<\/p>\n","protected":false},"excerpt":{"rendered":"<p>Novela \u201cVelho Chico\u201d resumo 17\/09:\u00a0Encarna\u00e7\u00e3o confessa ao padre Ben\u00edcio que foi a mandante do assassinato do Capit\u00e3o Rosa e se surpreende ao n\u00e3o receber penit\u00eancia alguma dele. O padre explica que ela precisa se arrepender de verdade, e ela logo entende o que precisa fazer. Assim, vai descal\u00e7a at\u00e9 a fazenda da fam\u00edlia Dos Anjos [&hellip;]<\/p>\n","protected":false},"author":4,"featured_media":82169,"comment_status":"open","ping_status":"closed","sticky":false,"template":"","format":"standard","meta":{"tdm_status":"","tdm_grid_status":"","footnotes":""},"categories":[379,375,343],"tags":[441],"class_list":{"0":"post-95437","1":"post","2":"type-post","3":"status-publish","4":"format-standard","5":"has-post-thumbnail","7":"category-novelas","8":"category-rede-globo","9":"category-televisao","10":"tag-resumo-do-dia"},"_links":{"self":[{"href":"https:\/\/migracao.redenoticia.com.br\/noticia\/wp-json\/wp\/v2\/posts\/95437","targetHints":{"allow":["GET"]}}],"collection":[{"href":"https:\/\/migracao.redenoticia.com.br\/noticia\/wp-json\/wp\/v2\/posts"}],"about":[{"href":"https:\/\/migracao.redenoticia.com.br\/noticia\/wp-json\/wp\/v2\/types\/post"}],"author":[{"embeddable":true,"href":"https:\/\/migracao.redenoticia.com.br\/noticia\/wp-json\/wp\/v2\/users\/4"}],"replies":[{"embeddable":true,"href":"https:\/\/migracao.redenoticia.com.br\/noticia\/wp-json\/wp\/v2\/comments?post=95437"}],"version-history":[{"count":0,"href":"https:\/\/migracao.redenoticia.com.br\/noticia\/wp-json\/wp\/v2\/posts\/95437\/revisions"}],"wp:featuredmedia":[{"embeddable":true,"href":"https:\/\/migracao.redenoticia.com.br\/noticia\/wp-json\/wp\/v2\/media\/82169"}],"wp:attachment":[{"href":"https:\/\/migracao.redenoticia.com.br\/noticia\/wp-json\/wp\/v2\/media?parent=95437"}],"wp:term":[{"taxonomy":"category","embeddable":true,"href":"https:\/\/migracao.redenoticia.com.br\/noticia\/wp-json\/wp\/v2\/categories?post=95437"},{"taxonomy":"post_tag","embeddable":true,"href":"https:\/\/migracao.redenoticia.com.br\/noticia\/wp-json\/wp\/v2\/tags?post=95437"}],"curies":[{"name":"wp","href":"https:\/\/api.w.org\/{rel}","templated":true}]}}