{"id":95441,"date":"2016-09-16T18:10:50","date_gmt":"2016-09-16T21:10:50","guid":{"rendered":"http:\/\/www.redenoticia.com.br\/noticia\/?p=95441"},"modified":"2016-09-16T17:32:10","modified_gmt":"2016-09-16T20:32:10","slug":"novela-sol-nascente-resumo-1709-carolina-obriga-cesar-a-revelar-todos-os-seus-planos","status":"publish","type":"post","link":"https:\/\/migracao.redenoticia.com.br\/noticia\/2016\/novela-sol-nascente-resumo-1709-carolina-obriga-cesar-a-revelar-todos-os-seus-planos\/95441","title":{"rendered":"Novela \u201cSol Nascente\u201d resumo 17\/09: Cesar manda Carolina  seduzir Mario"},"content":{"rendered":"<p><img loading=\"lazy\" decoding=\"async\" class=\"alignleft size-thumbnail wp-image-91714\" src=\"https:\/\/migracao.redenoticia.com.br\/noticia\/imagens\/sol_nascente_resumo_novela_globo-150x112.jpg\" alt=\"sol_nascente_resumo_novela_globo\" width=\"150\" height=\"112\" srcset=\"https:\/\/migracao.redenoticia.com.br\/noticia\/imagens\/sol_nascente_resumo_novela_globo-150x112.jpg 150w, https:\/\/migracao.redenoticia.com.br\/noticia\/imagens\/sol_nascente_resumo_novela_globo-265x198.jpg 265w\" sizes=\"auto, (max-width: 150px) 100vw, 150px\" \/><strong><em>Novela \u201cSol Nascente\u201d resumo 17\/09<\/em><\/strong>:\u00a0Cesar vai com Alice ao Rota 94 e Mario insiste em falar com a amiga. Alice aceita e Mario pede para ela continuar a ser sua amiga. Cesar teme que esta conversa tenha deixado a namorada abalada. Depois, Carolina encontra com Alice e Cesar e as cumprimenta. Mais tarde, Carolina obriga Cesar a revelar todos os seus planos e ele a orienta a seduzir Mario.<\/p>\n<p>No cap\u00edtulo 017(*), novela \u201cSol Nascente\u201d, s\u00e1bado, 17 de setembro \u2013 Mario pede para Alice continuar a ser sua amiga. Cesar teme que a conversa entre Mario e Alice tenha deixado a namorada abalada.<\/p>\n<p>Carolina cumprimenta Alice e Cesar. Yumi decide voltar para Arraial com Bernardo. Carolina obriga Cesar a revelar todos os seus planos. Lenita sugere que Chica e as cai\u00e7aras ajudem a preparar o luau para os motociclistas.<\/p>\n<p>Ralf convida Sirlene e o filho para ir a Arraial. Cesar orienta Carolina a seduzir Mario. Mario ouve Gaetano reclamar de seu comportamento e fica arrasado. Cesar provoca Mario.<\/p>\n<p>(*) edi\u00e7\u00e3o da Rede Globo, Novela \u201cSol Nascente\u201d, sujeito a altera\u00e7\u00e3o de data e conte\u00fado.<\/p>\n","protected":false},"excerpt":{"rendered":"<p>Novela \u201cSol Nascente\u201d resumo 17\/09:\u00a0Cesar vai com Alice ao Rota 94 e Mario insiste em falar com a amiga. Alice aceita e Mario pede para ela continuar a ser sua amiga. Cesar teme que esta conversa tenha deixado a namorada abalada. Depois, Carolina encontra com Alice e Cesar e as cumprimenta. Mais tarde, Carolina obriga [&hellip;]<\/p>\n","protected":false},"author":4,"featured_media":91714,"comment_status":"open","ping_status":"closed","sticky":false,"template":"","format":"standard","meta":{"tdm_status":"","tdm_grid_status":"","footnotes":""},"categories":[379,375,343],"tags":[441],"class_list":{"0":"post-95441","1":"post","2":"type-post","3":"status-publish","4":"format-standard","5":"has-post-thumbnail","7":"category-novelas","8":"category-rede-globo","9":"category-televisao","10":"tag-resumo-do-dia"},"_links":{"self":[{"href":"https:\/\/migracao.redenoticia.com.br\/noticia\/wp-json\/wp\/v2\/posts\/95441","targetHints":{"allow":["GET"]}}],"collection":[{"href":"https:\/\/migracao.redenoticia.com.br\/noticia\/wp-json\/wp\/v2\/posts"}],"about":[{"href":"https:\/\/migracao.redenoticia.com.br\/noticia\/wp-json\/wp\/v2\/types\/post"}],"author":[{"embeddable":true,"href":"https:\/\/migracao.redenoticia.com.br\/noticia\/wp-json\/wp\/v2\/users\/4"}],"replies":[{"embeddable":true,"href":"https:\/\/migracao.redenoticia.com.br\/noticia\/wp-json\/wp\/v2\/comments?post=95441"}],"version-history":[{"count":0,"href":"https:\/\/migracao.redenoticia.com.br\/noticia\/wp-json\/wp\/v2\/posts\/95441\/revisions"}],"wp:featuredmedia":[{"embeddable":true,"href":"https:\/\/migracao.redenoticia.com.br\/noticia\/wp-json\/wp\/v2\/media\/91714"}],"wp:attachment":[{"href":"https:\/\/migracao.redenoticia.com.br\/noticia\/wp-json\/wp\/v2\/media?parent=95441"}],"wp:term":[{"taxonomy":"category","embeddable":true,"href":"https:\/\/migracao.redenoticia.com.br\/noticia\/wp-json\/wp\/v2\/categories?post=95441"},{"taxonomy":"post_tag","embeddable":true,"href":"https:\/\/migracao.redenoticia.com.br\/noticia\/wp-json\/wp\/v2\/tags?post=95441"}],"curies":[{"name":"wp","href":"https:\/\/api.w.org\/{rel}","templated":true}]}}