{"id":95469,"date":"2016-09-17T10:32:40","date_gmt":"2016-09-17T13:32:40","guid":{"rendered":"http:\/\/www.redenoticia.com.br\/noticia\/?p=95469"},"modified":"2016-09-17T11:35:07","modified_gmt":"2016-09-17T14:35:07","slug":"novela-abismo-da-paixao-resumo-1909-paloma-propoe-a-avo-que-partam-do-povoado","status":"publish","type":"post","link":"https:\/\/migracao.redenoticia.com.br\/noticia\/2016\/novela-abismo-da-paixao-resumo-1909-paloma-propoe-a-avo-que-partam-do-povoado\/95469","title":{"rendered":"Novela \u201cAbismo da Paix\u00e3o\u201d resumo 19\/09: Paloma quer partir do povoado com Ramona"},"content":{"rendered":"<p><img loading=\"lazy\" decoding=\"async\" class=\"alignleft size-thumbnail wp-image-81978\" src=\"https:\/\/migracao.redenoticia.com.br\/noticia\/imagens\/abismo_de_paixao_sbt_resumo_novela-150x112.jpg\" alt=\"abismo_de_paixao_sbt_resumo_novela\" width=\"150\" height=\"112\" srcset=\"https:\/\/migracao.redenoticia.com.br\/noticia\/imagens\/abismo_de_paixao_sbt_resumo_novela-150x112.jpg 150w, https:\/\/migracao.redenoticia.com.br\/noticia\/imagens\/abismo_de_paixao_sbt_resumo_novela-265x198.jpg 265w\" sizes=\"auto, (max-width: 150px) 100vw, 150px\" \/><strong><em>Novela \u201cAbismo da Paix\u00e3o\u201d resumo 19\/09<\/em><\/strong>:\u00a0Paloma diz a Edmundo que vai embora do povoado, e assim, deixar Henrique livre. Para isso, precisa que Edmundo arrume outra secret\u00e1ria. Henrique pede a Paloma que n\u00e3o v\u00e1 embora, mas Paloma o aconselha a lutar por Flor\u00eancia, pois \u00e9 quem realmente ama. Depois, Paloma prop\u00f5e a av\u00f3 que partam do povoado e comecem uma nova vida em algum outro canto. Ramona responde a neta que ainda que esteja muito distante, n\u00e3o vai deixar de amar Gael. <\/p>\n<p>No cap\u00edtulo 126 (*), novela \u201cAbismo da Paix\u00e3o\u201d, segunda-feira, 19 de setembro \u2013 Ramiro e Paulo discutem. Paulo diz a Ramiro que ir\u00e1 embora do povoado para sempre.<\/p>\n<p>Ramiro contrata uns homens para agredirem Paulo. Paloma prop\u00f5e a av\u00f3 que partam do povoado e comecem uma nova vida em algum outro canto.<\/p>\n<p>Ramona responde a neta que ainda que esteja muito distante, n\u00e3o deixar\u00e1 de amar Gael. Edmundo aconselha Padre Lupe a internar Almerinda, j\u00e1 que ela n\u00e3o est\u00e1 bem do cora\u00e7\u00e3o.<\/p>\n<p>(*) edi\u00e7\u00e3o do SBT, Novela \u201cAbismo da Paix\u00e3o\u201d, sujeito a altera\u00e7\u00e3o de data e conte\u00fado.<\/p>\n","protected":false},"excerpt":{"rendered":"<p>Novela \u201cAbismo da Paix\u00e3o\u201d resumo 19\/09:\u00a0Paloma diz a Edmundo que vai embora do povoado, e assim, deixar Henrique livre. Para isso, precisa que Edmundo arrume outra secret\u00e1ria. Henrique pede a Paloma que n\u00e3o v\u00e1 embora, mas Paloma o aconselha a lutar por Flor\u00eancia, pois \u00e9 quem realmente ama. Depois, Paloma prop\u00f5e a av\u00f3 que partam [&hellip;]<\/p>\n","protected":false},"author":4,"featured_media":81978,"comment_status":"open","ping_status":"closed","sticky":false,"template":"","format":"standard","meta":{"tdm_status":"","tdm_grid_status":"","footnotes":""},"categories":[379,372,343],"tags":[441],"class_list":{"0":"post-95469","1":"post","2":"type-post","3":"status-publish","4":"format-standard","5":"has-post-thumbnail","7":"category-novelas","8":"category-sbt","9":"category-televisao","10":"tag-resumo-do-dia"},"_links":{"self":[{"href":"https:\/\/migracao.redenoticia.com.br\/noticia\/wp-json\/wp\/v2\/posts\/95469","targetHints":{"allow":["GET"]}}],"collection":[{"href":"https:\/\/migracao.redenoticia.com.br\/noticia\/wp-json\/wp\/v2\/posts"}],"about":[{"href":"https:\/\/migracao.redenoticia.com.br\/noticia\/wp-json\/wp\/v2\/types\/post"}],"author":[{"embeddable":true,"href":"https:\/\/migracao.redenoticia.com.br\/noticia\/wp-json\/wp\/v2\/users\/4"}],"replies":[{"embeddable":true,"href":"https:\/\/migracao.redenoticia.com.br\/noticia\/wp-json\/wp\/v2\/comments?post=95469"}],"version-history":[{"count":0,"href":"https:\/\/migracao.redenoticia.com.br\/noticia\/wp-json\/wp\/v2\/posts\/95469\/revisions"}],"wp:featuredmedia":[{"embeddable":true,"href":"https:\/\/migracao.redenoticia.com.br\/noticia\/wp-json\/wp\/v2\/media\/81978"}],"wp:attachment":[{"href":"https:\/\/migracao.redenoticia.com.br\/noticia\/wp-json\/wp\/v2\/media?parent=95469"}],"wp:term":[{"taxonomy":"category","embeddable":true,"href":"https:\/\/migracao.redenoticia.com.br\/noticia\/wp-json\/wp\/v2\/categories?post=95469"},{"taxonomy":"post_tag","embeddable":true,"href":"https:\/\/migracao.redenoticia.com.br\/noticia\/wp-json\/wp\/v2\/tags?post=95469"}],"curies":[{"name":"wp","href":"https:\/\/api.w.org\/{rel}","templated":true}]}}