{"id":95471,"date":"2016-09-17T10:35:01","date_gmt":"2016-09-17T13:35:01","guid":{"rendered":"http:\/\/www.redenoticia.com.br\/noticia\/?p=95471"},"modified":"2016-09-17T11:33:06","modified_gmt":"2016-09-17T14:33:06","slug":"novela-mar-de-amor-resumo-1909-mercedes-o-diz-que-deseja-se-casar-com-victor-manuel","status":"publish","type":"post","link":"https:\/\/migracao.redenoticia.com.br\/noticia\/2016\/novela-mar-de-amor-resumo-1909-mercedes-o-diz-que-deseja-se-casar-com-victor-manuel\/95471","title":{"rendered":"Novela \u201cMar de Amor\u201d resumo 19\/09:  Coral descobre que tem um tumor cerebral"},"content":{"rendered":"<p><img loading=\"lazy\" decoding=\"async\" class=\"alignleft size-thumbnail wp-image-86321\" src=\"https:\/\/migracao.redenoticia.com.br\/noticia\/imagens\/Mar_de_Amor_SBT_resumo_novela-150x112.jpg\" alt=\"Mar_de_Amor_SBT_resumo_novela\" width=\"150\" height=\"112\" srcset=\"https:\/\/migracao.redenoticia.com.br\/noticia\/imagens\/Mar_de_Amor_SBT_resumo_novela-150x112.jpg 150w, https:\/\/migracao.redenoticia.com.br\/noticia\/imagens\/Mar_de_Amor_SBT_resumo_novela-265x198.jpg 265w\" sizes=\"auto, (max-width: 150px) 100vw, 150px\" \/><strong><em>Novela \u201cMar de Amor\u201d resumo 19\/09<\/em><\/strong>:\u00a0Catalina marca uma consulta com Oswaldo, que manda que ela realize alguns exames. Os resultados chegam e Oswaldo confirma suas suspeitas. Coral tem um tumor cerebral inoper\u00e1vel, e isso que causa as dores de cabe\u00e7a e demais sintomas. Ao descobrir que tem menos de um ano de vida, Coral jura que, at\u00e9 morrer, vai fazer o imposs\u00edvel para destruir todos os seus inimigos. Coral s\u00f3 revela a Leon que est\u00e1 a ponto de morrer, e que no ano que lhe resta de vida deve perder a fala, a vis\u00e3o e ficar paralisada.<\/p>\n<p>No cap\u00edtulo 091(*), novela \u201cMar de Amor\u201d, segunda-feira, 19 de setembro \u2013 Oswaldo conclui que Coral tem um tumor cerebral inoper\u00e1vel, e isso que vem causando as dores de cabe\u00e7a e demais sintomas. Ao descobrir que tem menos de um ano de vida, Coral jura que at\u00e9 morrer, far\u00e1 at\u00e9 o imposs\u00edvel destruir todos os seus inimigos.<\/p>\n<p>Coral s\u00f3 revela a Leon que est\u00e1 a ponto de morrer, e que no ano que lhe resta de vida dever\u00e1 perder a fala, a vis\u00e3o e ficar paralisada. Em uma de suas visitas a Victor Manuel, Mercedes o diz que deseja se casar com ele. Estrela, por outro lado, foi visit\u00e1-lo apenas duas vezes, e em nenhuma delas pode v\u00ea-lo, pois j\u00e1 estava com Mercedes. Santos segue enfeiti\u00e7ado por Coral, tanto que nem em sonhos consegue esquec\u00ea-la.<\/p>\n<p>Santos est\u00e1 como um farrapo humano, vivendo em uma vila suja e descuidada, s\u00f3 preocupado em ver Coral. Ele chega ao ponto de procurar Oriana para enforc\u00e1-la, mas n\u00e3o consegue, pois Transito e Helena a auxiliam. Coral vai depor contra Victor, para que o mantenham preso. O advogado de Victor consegue que apressem os tr\u00e2mites para o julgamento.<\/p>\n<p>(*) edi\u00e7\u00e3o do SBT, Novela \u201cMar de Amor\u201d, sujeito a altera\u00e7\u00e3o de data e conte\u00fado.<\/p>\n","protected":false},"excerpt":{"rendered":"<p>Novela \u201cMar de Amor\u201d resumo 19\/09:\u00a0Catalina marca uma consulta com Oswaldo, que manda que ela realize alguns exames. Os resultados chegam e Oswaldo confirma suas suspeitas. Coral tem um tumor cerebral inoper\u00e1vel, e isso que causa as dores de cabe\u00e7a e demais sintomas. Ao descobrir que tem menos de um ano de vida, Coral jura [&hellip;]<\/p>\n","protected":false},"author":4,"featured_media":86321,"comment_status":"open","ping_status":"closed","sticky":false,"template":"","format":"standard","meta":{"tdm_status":"","tdm_grid_status":"","footnotes":""},"categories":[379,372,343],"tags":[441],"class_list":{"0":"post-95471","1":"post","2":"type-post","3":"status-publish","4":"format-standard","5":"has-post-thumbnail","7":"category-novelas","8":"category-sbt","9":"category-televisao","10":"tag-resumo-do-dia"},"_links":{"self":[{"href":"https:\/\/migracao.redenoticia.com.br\/noticia\/wp-json\/wp\/v2\/posts\/95471","targetHints":{"allow":["GET"]}}],"collection":[{"href":"https:\/\/migracao.redenoticia.com.br\/noticia\/wp-json\/wp\/v2\/posts"}],"about":[{"href":"https:\/\/migracao.redenoticia.com.br\/noticia\/wp-json\/wp\/v2\/types\/post"}],"author":[{"embeddable":true,"href":"https:\/\/migracao.redenoticia.com.br\/noticia\/wp-json\/wp\/v2\/users\/4"}],"replies":[{"embeddable":true,"href":"https:\/\/migracao.redenoticia.com.br\/noticia\/wp-json\/wp\/v2\/comments?post=95471"}],"version-history":[{"count":0,"href":"https:\/\/migracao.redenoticia.com.br\/noticia\/wp-json\/wp\/v2\/posts\/95471\/revisions"}],"wp:featuredmedia":[{"embeddable":true,"href":"https:\/\/migracao.redenoticia.com.br\/noticia\/wp-json\/wp\/v2\/media\/86321"}],"wp:attachment":[{"href":"https:\/\/migracao.redenoticia.com.br\/noticia\/wp-json\/wp\/v2\/media?parent=95471"}],"wp:term":[{"taxonomy":"category","embeddable":true,"href":"https:\/\/migracao.redenoticia.com.br\/noticia\/wp-json\/wp\/v2\/categories?post=95471"},{"taxonomy":"post_tag","embeddable":true,"href":"https:\/\/migracao.redenoticia.com.br\/noticia\/wp-json\/wp\/v2\/tags?post=95471"}],"curies":[{"name":"wp","href":"https:\/\/api.w.org\/{rel}","templated":true}]}}