{"id":95505,"date":"2016-09-19T06:33:27","date_gmt":"2016-09-19T09:33:27","guid":{"rendered":"http:\/\/www.redenoticia.com.br\/noticia\/?p=95505"},"modified":"2016-09-18T11:34:25","modified_gmt":"2016-09-18T14:34:25","slug":"sp-distribuira-59-milhoes-de-doses-de-vacinas-para-atualizar-caderneta","status":"publish","type":"post","link":"https:\/\/migracao.redenoticia.com.br\/noticia\/2016\/sp-distribuira-59-milhoes-de-doses-de-vacinas-para-atualizar-caderneta\/95505","title":{"rendered":"SP distribuir\u00e1 5,9 milh\u00f5es de doses de vacinas para atualizar caderneta"},"content":{"rendered":"<p> Para colocar em dia a <strong><em>vacina\u00e7\u00e3o<\/em><\/strong>, o Governo do Estado promove a partir desta segunda-feira (19) uma campanha de multivacina\u00e7\u00e3o para crian\u00e7as com 5 anos incompletos, al\u00e9m de pr\u00e9-adolescentes e adolescentes na faixa de 9 a 15 anos incompletos. O objetivo \u00e9 conferir a caderneta e aplicar, gratuitamente, as doses em atraso, conforme a idade e a situa\u00e7\u00e3o vacinal. No total, ser\u00e3o distribu\u00eddas 5,9 milh\u00f5es de doses aos munic\u00edpios paulistas. <\/p>\n<p>At\u00e9 o dia 30 de setembro, de segunda a sexta-feira, das 8h \u00e0s 17h, 34 mil profissionais da sa\u00fade estar\u00e3o mobilizados em 5.325 postos de sa\u00fade fixos e volantes em todo o Estado de S\u00e3o Paulo.<\/p>\n<p>Os pais ou respons\u00e1veis devem levar a caderneta de vacina\u00e7\u00e3o das crian\u00e7as e jovens para que os profissionais possam conferir se h\u00e1 doses em atraso. Se o documento foi perdido ou extraviado, a recomenda\u00e7\u00e3o \u00e9 procurar o posto de costume para facilitar o acesso ao arquivo.<\/p>\n<p>Prote\u00e7\u00e3o contra 18 doen\u00e7as<br \/>\nA multivacina\u00e7\u00e3o contempla 13 tipos de vacinas que protegem contra 18 doen\u00e7as: BCG contra a tuberculose; rotav\u00edrus contra um dos principais agentes causadores de diarreia; poliomielite contra a paralisia infantil; pentavalente contra a difteria, t\u00e9tano, coqueluche, hepatite B e Haemophilus influenza tipo b (Hib); pneumoc\u00f3cica conjugada 10-valente; meningoc\u00f3cica conjugada C; trivalente contra sarampo, caxumba e rub\u00e9ola; al\u00e9m das vacinas contra febre amarela, gripe, varicela, hepatite A e a vacina contra o HPV, que previne o c\u00e2ncer de colo de \u00fatero e verrugas genitais.<\/p>\n<p>Do Portal do Governo do Estado SP<\/p>\n","protected":false},"excerpt":{"rendered":"<p>Para colocar em dia a vacina\u00e7\u00e3o, o Governo do Estado promove a partir desta segunda-feira (19) uma campanha de multivacina\u00e7\u00e3o para crian\u00e7as com 5 anos incompletos, al\u00e9m de pr\u00e9-adolescentes e adolescentes na faixa de 9 a 15 anos incompletos. O objetivo \u00e9 conferir a caderneta e aplicar, gratuitamente, as doses em atraso, conforme a idade [&hellip;]<\/p>\n","protected":false},"author":2,"featured_media":34747,"comment_status":"open","ping_status":"closed","sticky":false,"template":"","format":"standard","meta":{"tdm_status":"","tdm_grid_status":"","footnotes":""},"categories":[22,5],"tags":[],"class_list":{"0":"post-95505","1":"post","2":"type-post","3":"status-publish","4":"format-standard","5":"has-post-thumbnail","7":"category-brasil","8":"category-saude-e-vida"},"_links":{"self":[{"href":"https:\/\/migracao.redenoticia.com.br\/noticia\/wp-json\/wp\/v2\/posts\/95505","targetHints":{"allow":["GET"]}}],"collection":[{"href":"https:\/\/migracao.redenoticia.com.br\/noticia\/wp-json\/wp\/v2\/posts"}],"about":[{"href":"https:\/\/migracao.redenoticia.com.br\/noticia\/wp-json\/wp\/v2\/types\/post"}],"author":[{"embeddable":true,"href":"https:\/\/migracao.redenoticia.com.br\/noticia\/wp-json\/wp\/v2\/users\/2"}],"replies":[{"embeddable":true,"href":"https:\/\/migracao.redenoticia.com.br\/noticia\/wp-json\/wp\/v2\/comments?post=95505"}],"version-history":[{"count":0,"href":"https:\/\/migracao.redenoticia.com.br\/noticia\/wp-json\/wp\/v2\/posts\/95505\/revisions"}],"wp:featuredmedia":[{"embeddable":true,"href":"https:\/\/migracao.redenoticia.com.br\/noticia\/wp-json\/wp\/v2\/media\/34747"}],"wp:attachment":[{"href":"https:\/\/migracao.redenoticia.com.br\/noticia\/wp-json\/wp\/v2\/media?parent=95505"}],"wp:term":[{"taxonomy":"category","embeddable":true,"href":"https:\/\/migracao.redenoticia.com.br\/noticia\/wp-json\/wp\/v2\/categories?post=95505"},{"taxonomy":"post_tag","embeddable":true,"href":"https:\/\/migracao.redenoticia.com.br\/noticia\/wp-json\/wp\/v2\/tags?post=95505"}],"curies":[{"name":"wp","href":"https:\/\/api.w.org\/{rel}","templated":true}]}}