{"id":95515,"date":"2016-09-18T12:02:38","date_gmt":"2016-09-18T15:02:38","guid":{"rendered":"http:\/\/www.redenoticia.com.br\/noticia\/?p=95515"},"modified":"2016-09-18T19:20:17","modified_gmt":"2016-09-18T22:20:17","slug":"novela-justica-resumo-1909-vicente-vai-tirar-satisfacao-com-elisa","status":"publish","type":"post","link":"https:\/\/migracao.redenoticia.com.br\/noticia\/2016\/novela-justica-resumo-1909-vicente-vai-tirar-satisfacao-com-elisa\/95515","title":{"rendered":"Novela \u201cJusti\u00e7a\u201d resumo 19\/09: Vicente tira satisfa\u00e7\u00e3o com Elisa"},"content":{"rendered":"<p><img loading=\"lazy\" decoding=\"async\" class=\"alignleft size-thumbnail wp-image-92259\" src=\"https:\/\/migracao.redenoticia.com.br\/noticia\/imagens\/novela_globo_justica_resumo-150x112.jpg\" alt=\"novela_globo_justica_resumo\" width=\"150\" height=\"112\" srcset=\"https:\/\/migracao.redenoticia.com.br\/noticia\/imagens\/novela_globo_justica_resumo-150x112.jpg 150w, https:\/\/migracao.redenoticia.com.br\/noticia\/imagens\/novela_globo_justica_resumo-265x198.jpg 265w\" sizes=\"auto, (max-width: 150px) 100vw, 150px\" \/><strong><em>Novela \u201cJusti\u00e7a\u201d resumo 19\/09 <\/em><\/strong>: depois de passar sete anos a idealizar sua vingan\u00e7a contra Vicente, e esper\u00e1-lo armada na porta da cadeia pronta para atirar, a rela\u00e7\u00e3o de Elisa com o assassino de sua filha d\u00e1 uma reviravolta. O \u00f3dio de Elisa por Vicente come\u00e7a a se transformar em paix\u00e3o, quando ela v\u00ea que ele teve uma filha e colocou o nome de Isabela. Isso faz com que eles se aproximem, o que levanta suspeita em Regina, mulher do rapaz. Heitor tamb\u00e9m estranha \u00e0 mudan\u00e7a de postura da namorada em rela\u00e7\u00e3o a Vicente. Os dois s\u00f3 se entregam \u00e0 paix\u00e3o quando Vicente vai tirar satisfa\u00e7\u00e3o com Elisa, para saber se \u00e9 verdade que ela pretendia mat\u00e1-lo na porta da cadeia. Ela confirma a hist\u00f3ria e, emocionada, explica que perdeu a coragem ao ver a filha correr para os bra\u00e7os dele. Os dois consolam um ao outro e acabam com um beijo apaixonado. Mas, ap\u00f3s um acidente de carro, o rapaz fica em estado grave e Elisa que n\u00e3o se machuca. Ela decide deix\u00e1-lo morrer e n\u00e3o pede socorro.<\/p>\n<p>No cap\u00edtulo 017(*), novela \u201cJusti\u00e7a\u201d, segunda-feira, 19 de setembro \u2013 depois de ter discutido com a mulher de Vicente em sua pr\u00f3pria casa, Elisa segue para a universidade onde acontece o lan\u00e7amento do livro de Heitor. Apesar dos calmantes que tomou, Elisa bebe muito vinho. Ela fica alterada. Na sess\u00e3o de aut\u00f3grafos, Elisa tenta disfar\u00e7ar o seu estado, mas Heitor percebe que h\u00e1 algo de errado com ela. \u00c9 a hora perfeita para Sara aproveitar a fragilidade da rival e provoc\u00e1-la em p\u00fablico.<\/p>\n<p>(*) edi\u00e7\u00e3o da Rede Globo, Novela \u201cJusti\u00e7a\u201d, sujeito a altera\u00e7\u00e3o de data e conte\u00fado.<\/p>\n","protected":false},"excerpt":{"rendered":"<p>Novela \u201cJusti\u00e7a\u201d resumo 19\/09 : depois de passar sete anos a idealizar sua vingan\u00e7a contra Vicente, e esper\u00e1-lo armada na porta da cadeia pronta para atirar, a rela\u00e7\u00e3o de Elisa com o assassino de sua filha d\u00e1 uma reviravolta. O \u00f3dio de Elisa por Vicente come\u00e7a a se transformar em paix\u00e3o, quando ela v\u00ea que [&hellip;]<\/p>\n","protected":false},"author":4,"featured_media":92259,"comment_status":"open","ping_status":"closed","sticky":false,"template":"","format":"standard","meta":{"tdm_status":"","tdm_grid_status":"","footnotes":""},"categories":[379,375,343],"tags":[441],"class_list":{"0":"post-95515","1":"post","2":"type-post","3":"status-publish","4":"format-standard","5":"has-post-thumbnail","7":"category-novelas","8":"category-rede-globo","9":"category-televisao","10":"tag-resumo-do-dia"},"_links":{"self":[{"href":"https:\/\/migracao.redenoticia.com.br\/noticia\/wp-json\/wp\/v2\/posts\/95515","targetHints":{"allow":["GET"]}}],"collection":[{"href":"https:\/\/migracao.redenoticia.com.br\/noticia\/wp-json\/wp\/v2\/posts"}],"about":[{"href":"https:\/\/migracao.redenoticia.com.br\/noticia\/wp-json\/wp\/v2\/types\/post"}],"author":[{"embeddable":true,"href":"https:\/\/migracao.redenoticia.com.br\/noticia\/wp-json\/wp\/v2\/users\/4"}],"replies":[{"embeddable":true,"href":"https:\/\/migracao.redenoticia.com.br\/noticia\/wp-json\/wp\/v2\/comments?post=95515"}],"version-history":[{"count":0,"href":"https:\/\/migracao.redenoticia.com.br\/noticia\/wp-json\/wp\/v2\/posts\/95515\/revisions"}],"wp:featuredmedia":[{"embeddable":true,"href":"https:\/\/migracao.redenoticia.com.br\/noticia\/wp-json\/wp\/v2\/media\/92259"}],"wp:attachment":[{"href":"https:\/\/migracao.redenoticia.com.br\/noticia\/wp-json\/wp\/v2\/media?parent=95515"}],"wp:term":[{"taxonomy":"category","embeddable":true,"href":"https:\/\/migracao.redenoticia.com.br\/noticia\/wp-json\/wp\/v2\/categories?post=95515"},{"taxonomy":"post_tag","embeddable":true,"href":"https:\/\/migracao.redenoticia.com.br\/noticia\/wp-json\/wp\/v2\/tags?post=95515"}],"curies":[{"name":"wp","href":"https:\/\/api.w.org\/{rel}","templated":true}]}}